{"id":24581,"date":"2024-05-20T18:44:52","date_gmt":"2024-05-20T21:44:52","guid":{"rendered":"https:\/\/www.mednet.com.ar\/?p=24581"},"modified":"2024-08-06T12:26:46","modified_gmt":"2024-08-06T15:26:46","slug":"presentacion-temas-claves-de-nutricion-infantil-en-el-consultorio-pediatrico","status":"publish","type":"post","link":"https:\/\/www.mednet.com.ar\/en\/presentacion-temas-claves-de-nutricion-infantil-en-el-consultorio-pediatrico\/","title":{"rendered":"Presentaci\u00f3n: Temas claves de nutrici\u00f3n infantil"},"content":{"rendered":"<div data-elementor-type=\"wp-post\" data-elementor-id=\"24581\" class=\"elementor elementor-24581\">\n\t\t\t\t<div class=\"elementor-element elementor-element-e653811 e-flex e-con-boxed e-con e-parent\" data-id=\"e653811\" data-element_type=\"container\" data-e-type=\"container\">\n\t\t\t\t\t<div class=\"e-con-inner\">\n\t\t<div class=\"elementor-element elementor-element-e4b22fb e-con-full e-flex e-con e-child\" data-id=\"e4b22fb\" data-element_type=\"container\" data-e-type=\"container\">\n\t\t\t\t<div class=\"elementor-element elementor-element-04fadc4 elementor-widget elementor-widget-text-editor\" data-id=\"04fadc4\" data-element_type=\"widget\" data-e-type=\"widget\" data-widget_type=\"text-editor.default\">\n\t\t\t\t<div class=\"elementor-widget-container\">\n\t\t\t\t\t\t\t\t\t<p>Te contamos detalles del curso <strong>Temas claves de nutrici\u00f3n infantil en el consultorio pedi\u00e1trico<\/strong>, de la mano del Dr. Guillermo Goldfarb, m\u00e9dico pediatra y director de Mednet.<\/p>\t\t\t\t\t\t\t\t<\/div>\n\t\t\t\t<\/div>\n\t\t\t\t<div class=\"elementor-element elementor-element-679bef9 elementor-widget elementor-widget-edublink-video-popup\" data-id=\"679bef9\" data-element_type=\"widget\" data-e-type=\"widget\" data-widget_type=\"edublink-video-popup.default\">\n\t\t\t\t<div class=\"elementor-widget-container\">\n\t\t\t\t\t<div class=\"edublink-video-popup-wrapper edublink-video-popup-animation-continious edublink-video-popup-continious-type-custom-ripple-color edublink-video-popup-bg-enable\" style=\"background-image: url(https:\/\/www.mednet.com.ar\/wp-content\/uploads\/2024\/05\/thumb-1024x1024.jpg)\"><div class=\"edublink-video-popup-content\"><a class=\"edublink-video-popup-icon\" href=\"https:\/\/vimeo.com\/948483361\"><svg aria-hidden=\"true\" class=\"e-font-icon-svg e-fas-play\" viewbox=\"0 0 448 512\" xmlns=\"http:\/\/www.w3.org\/2000\/svg\"><path d=\"M424.4 214.7L72.4 6.6C43.8-10.3 0 6.1 0 47.9V464c0 37.5 40.7 60.1 72.4 41.3l352-208c31.4-18.5 31.5-64.1 0-82.6z\"><\/path><\/svg><\/a><\/div><\/div>\t\t\t\t<\/div>\n\t\t\t\t<\/div>\n\t\t<div class=\"elementor-element elementor-element-c95a750 e-con-full e-grid elementor-hidden-desktop elementor-hidden-tablet elementor-hidden-mobile e-con e-child\" data-id=\"c95a750\" data-element_type=\"container\" data-e-type=\"container\">\n\t\t\t\t<div class=\"elementor-element elementor-element-dc396d6 elementor-widget elementor-widget-edublink-video-popup\" data-id=\"dc396d6\" data-element_type=\"widget\" data-e-type=\"widget\" data-widget_type=\"edublink-video-popup.default\">\n\t\t\t\t<div class=\"elementor-widget-container\">\n\t\t\t\t\t<div class=\"edublink-video-popup-wrapper edublink-video-popup-animation-continious edublink-video-popup-continious-type-custom-ripple-color edublink-video-popup-bg-enable\" style=\"background-image: url(https:\/\/www.mednet.com.ar\/wp-content\/uploads\/2024\/04\/entrevista_dengue_vacunacion.webp)\"><div class=\"edublink-video-popup-content\"><a class=\"edublink-video-popup-icon\" href=\"https:\/\/vimeo.com\/933374175\"><svg aria-hidden=\"true\" class=\"e-font-icon-svg e-fas-play\" viewbox=\"0 0 448 512\" xmlns=\"http:\/\/www.w3.org\/2000\/svg\"><path d=\"M424.4 214.7L72.4 6.6C43.8-10.3 0 6.1 0 47.9V464c0 37.5 40.7 60.1 72.4 41.3l352-208c31.4-18.5 31.5-64.1 0-82.6z\"><\/path><\/svg><\/a><\/div><\/div>\t\t\t\t<\/div>\n\t\t\t\t<\/div>\n\t\t\t\t<div class=\"elementor-element elementor-element-182aac3 elementor-widget elementor-widget-edublink-video-popup\" data-id=\"182aac3\" data-element_type=\"widget\" data-e-type=\"widget\" data-widget_type=\"edublink-video-popup.default\">\n\t\t\t\t<div class=\"elementor-widget-container\">\n\t\t\t\t\t<div class=\"edublink-video-popup-wrapper edublink-video-popup-animation-continious edublink-video-popup-continious-type-custom-ripple-color edublink-video-popup-bg-enable\" style=\"background-image: url(https:\/\/www.mednet.com.ar\/wp-content\/uploads\/2024\/04\/entrevista_dengue_vacunacion.webp)\"><div class=\"edublink-video-popup-content\"><a class=\"edublink-video-popup-icon\" href=\"https:\/\/vimeo.com\/933374175\"><svg aria-hidden=\"true\" class=\"e-font-icon-svg e-fas-play\" viewbox=\"0 0 448 512\" xmlns=\"http:\/\/www.w3.org\/2000\/svg\"><path d=\"M424.4 214.7L72.4 6.6C43.8-10.3 0 6.1 0 47.9V464c0 37.5 40.7 60.1 72.4 41.3l352-208c31.4-18.5 31.5-64.1 0-82.6z\"><\/path><\/svg><\/a><\/div><\/div>\t\t\t\t<\/div>\n\t\t\t\t<\/div>\n\t\t\t\t<\/div>\n\t\t\t\t<div class=\"elementor-element elementor-element-f11137f elementor-widget elementor-widget-spacer\" data-id=\"f11137f\" data-element_type=\"widget\" data-e-type=\"widget\" data-widget_type=\"spacer.default\">\n\t\t\t\t<div class=\"elementor-widget-container\">\n\t\t\t\t\t\t\t<div class=\"elementor-spacer\">\n\t\t\t<div class=\"elementor-spacer-inner\"><\/div>\n\t\t<\/div>\n\t\t\t\t\t\t<\/div>\n\t\t\t\t<\/div>\n\t\t\t\t<div class=\"elementor-element elementor-element-e71fb56 elementor-widget elementor-widget-text-editor\" data-id=\"e71fb56\" data-element_type=\"widget\" data-e-type=\"widget\" data-widget_type=\"text-editor.default\">\n\t\t\t\t<div class=\"elementor-widget-container\">\n\t\t\t\t\t\t\t\t\t<p style=\"font-size: 31px; text-align: center;\"><span style=\"color: #000000;\"><strong>Cursos relacionados<br \/><\/strong><\/span><img decoding=\"async\" class=\"alignnone size-full wp-image-19355 aligncenter\" src=\"https:\/\/www.mednet.com.ar\/wp-content\/uploads\/2024\/01\/mednet-capacitaciones-on-line-medicina-divider.png\" alt=\"\" width=\"150\" height=\"20\" srcset=\"https:\/\/www.mednet.com.ar\/wp-content\/uploads\/2024\/01\/mednet-capacitaciones-on-line-medicina-divider.png 150w, https:\/\/www.mednet.com.ar\/wp-content\/uploads\/2024\/01\/mednet-capacitaciones-on-line-medicina-divider-18x2.png 18w\" sizes=\"(max-width: 150px) 100vw, 150px\" \/><\/p>\t\t\t\t\t\t\t\t<\/div>\n\t\t\t\t<\/div>\n\t\t<div class=\"elementor-element elementor-element-ca4bacc e-con-full e-grid e-con e-child\" data-id=\"ca4bacc\" data-element_type=\"container\" data-e-type=\"container\">\n\t\t\t\t<div class=\"elementor-element elementor-element-534fb43 elementor-widget elementor-widget-edublink-lp-courses\" data-id=\"534fb43\" data-element_type=\"widget\" data-e-type=\"widget\" data-widget_type=\"edublink-lp-courses.default\">\n\t\t\t\t<div class=\"elementor-widget-container\">\n\t\t\t\t\t<div class=\"edublink-course-widget-wrapper eb-slider-wrapper\"><div class=\"edublink-archive-lp-courses edublink-course-archive edublink-lms-courses-slider swiper swiper-container swiper-container-initialized\"><div class=\"swiper-wrapper\" data-slidestoshow=\"2\" data-tablet-items=\"2\" data-mobile-items=\"1\" data-small-mobile-items=\"1\" data-speed=\"1000\" data-direction=\"false\" data-loop=\"true\">            <div id=\"post-21586\" class=\"edublink-course-style-2 edublink-course-2-slider-item edublink-slider-item swiper-slide post-21586 lp_course type-lp_course status-publish has-post-thumbnail hentry course_category-nutricion course_tag-capacitacion-online course_tag-clavni course_tag-curso-medicina course_tag-curso-online course_tag-curso-virtual course_tag-cursos-online course_tag-elearning course_tag-nutricion course_tag-pediatria course\"  >\n            <div class=\"edublink-single-course course-style-2\"><div class=\"inner\"><div class=\"thumbnail\"><a class=\"course-thumb\" href=\"https:\/\/www.mednet.com.ar\/en\/cursos\/clavni-nutricion\/\"><img decoding=\"async\" class=\"w-100\" src=\"https:\/\/www.mednet.com.ar\/wp-content\/uploads\/2024\/02\/temasclave-590x430.webp\" alt=\"temasclave\"><\/a><div class=\"time-top\"><span class=\"duration\"><i class=\"icon-61\"><\/i>Online<\/span><\/div><\/div><div class=\"content\"><span class=\"course-level\"><a href=\"https:\/\/www.mednet.com.ar\/en\/categoria-de-curso\/nutricion\/\">Nutrition<\/a><\/span><h6 class=\"title\"><a href=\"https:\/\/www.mednet.com.ar\/en\/cursos\/clavni-nutricion\/\">Temas claves de nutrici\u00f3n infantil en el consultorio pedi\u00e1trico<\/a><\/h6><p>Difundir y actualizar el conocimiento en nutrici\u00f3n en la infancia y adolescencia Capacitar en conocimientos actualizados en temas nutricionales en la infancia y adolescencia basados en la evidencia. Brindar herramientas pr\u00e1cticas para el abordaje nutricional en la consulta diaria pedi\u00e1trica.<\/p>\n<div class=\"read-more-btn\"><a class=\"edu-btn btn-small btn-secondary\" href=\"https:\/\/www.mednet.com.ar\/en\/cursos\/clavni-nutricion\/\">More information<i class=\"icon-4\"><\/i><\/a><\/div><\/div><\/div><\/div><\/div>            <div id=\"post-23921\" class=\"edublink-course-style-2 edublink-course-2-slider-item edublink-slider-item swiper-slide post-23921 lp_course type-lp_course status-publish has-post-thumbnail hentry course_category-nutricion course_tag-capacitacion-online course_tag-clavni course_tag-curso-medicina course_tag-curso-online course_tag-curso-virtual course_tag-cursos-online course_tag-elearning course_tag-nutricion course_tag-pediatria course\"  >\n            <div class=\"edublink-single-course course-style-2\"><div class=\"inner\"><div class=\"thumbnail\"><a class=\"course-thumb\" href=\"https:\/\/www.mednet.com.ar\/en\/cursos\/nutricion-concepcion-ninez-adolescencia\/\"><img decoding=\"async\" class=\"w-100\" src=\"https:\/\/www.mednet.com.ar\/wp-content\/uploads\/2024\/04\/clavni-1-590x430.webp\" alt=\"clavni\"><\/a><div class=\"time-top\"><span class=\"duration\"><i class=\"icon-61\"><\/i>Online<\/span><\/div><\/div><div class=\"content\"><span class=\"course-level\"><a href=\"https:\/\/www.mednet.com.ar\/en\/categoria-de-curso\/nutricion\/\">Nutrition<\/a><\/span><h6 class=\"title\"><a href=\"https:\/\/www.mednet.com.ar\/en\/cursos\/nutricion-concepcion-ninez-adolescencia\/\">Nutrici\u00f3n en la concepci\u00f3n, ni\u00f1ez y adolescencia y su impacto en la salud futura<\/a><\/h6><p>Reconocer la importancia de aspectos Nutricionales tempranos (desde los 1000 d\u00edas) sobre el riesgo de desarrollar enfermedades cr\u00f3nicas no transmisibles. Transmitir los pilares de una nutrici\u00f3n saludable en la sociedad actual. Brindar al pediatra de atenci\u00f3n primaria herramientas y estrategias pr\u00e1cticas en la prevenci\u00f3n de enfermedades nutricionales en infancia y...<\/p>\n<div class=\"read-more-btn\"><a class=\"edu-btn btn-small btn-secondary\" href=\"https:\/\/www.mednet.com.ar\/en\/cursos\/nutricion-concepcion-ninez-adolescencia\/\">More information<i class=\"icon-4\"><\/i><\/a><\/div><\/div><\/div><\/div><\/div><\/div><\/div><\/div>\t\t\t\t<\/div>\n\t\t\t\t<\/div>\n\t\t\t\t<\/div>\n\t\t\t\t<\/div>\n\t\t<div class=\"elementor-element elementor-element-4da6aa9 e-con-full elementor-hidden-mobile e-flex e-con e-child\" data-id=\"4da6aa9\" data-element_type=\"container\" data-e-type=\"container\" data-settings=\"{&quot;position&quot;:&quot;fixed&quot;,&quot;background_background&quot;:&quot;classic&quot;}\">\n\t\t\t\t<div class=\"elementor-element elementor-element-c727f8f elementor-widget elementor-widget-text-editor\" data-id=\"c727f8f\" data-element_type=\"widget\" data-e-type=\"widget\" data-widget_type=\"text-editor.default\">\n\t\t\t\t<div class=\"elementor-widget-container\">\n\t\t\t\t\t\t\t\t\t<p style=\"font-size: 17px; text-align: center;\"><span style=\"color: #000000;\"><strong>\u00a1Suscr\u00edbete y recibe m\u00e1s novedades <br \/>y beneficios!<\/strong><\/span><\/p>\t\t\t\t\t\t\t\t<\/div>\n\t\t\t\t<\/div>\n\t\t\t\t<div class=\"elementor-element elementor-element-decc431 elementor-widget elementor-widget-text-editor\" data-id=\"decc431\" data-element_type=\"widget\" data-e-type=\"widget\" data-widget_type=\"text-editor.default\">\n\t\t\t\t<div class=\"elementor-widget-container\">\n\t\t\t\t\t\t\t\t\t<p style=\"font-size: 17px; text-align: center;\"><img decoding=\"async\" class=\"alignnone size-full wp-image-19355 aligncenter\" src=\"https:\/\/www.mednet.com.ar\/wp-content\/uploads\/2024\/01\/mednet-capacitaciones-on-line-medicina-divider.png\" alt=\"\" width=\"150\" height=\"20\" srcset=\"https:\/\/www.mednet.com.ar\/wp-content\/uploads\/2024\/01\/mednet-capacitaciones-on-line-medicina-divider.png 150w, https:\/\/www.mednet.com.ar\/wp-content\/uploads\/2024\/01\/mednet-capacitaciones-on-line-medicina-divider-18x2.png 18w\" sizes=\"(max-width: 150px) 100vw, 150px\" \/><\/p>\t\t\t\t\t\t\t\t<\/div>\n\t\t\t\t<\/div>\n\t\t\t\t<div class=\"elementor-element elementor-element-a8968cb elementor-widget__width-initial sg-popup-id-20142 elementor-widget elementor-widget-edublink-button\" data-id=\"a8968cb\" data-element_type=\"widget\" data-e-type=\"widget\" data-widget_type=\"edublink-button.default\">\n\t\t\t\t<div class=\"elementor-widget-container\">\n\t\t\t\t\t<div class=\"edublink-button-widget-wrapper\"><a class=\"edublink-button-item edublink-button-style-custom edublink-button-size-small edublink-button-icon-position-after\" href=\"#\">Suscribirme al Newsletter<i class=\"edublink icon-4\"><\/i><\/a><\/div>\t\t\t\t<\/div>\n\t\t\t\t<\/div>\n\t\t\t\t<div class=\"elementor-element elementor-element-338624c elementor-widget__width-auto elementor-absolute elementor-hidden-tablet elementor-hidden-mobile elementor-invisible elementor-widget elementor-widget-edublink-animation\" data-id=\"338624c\" data-element_type=\"widget\" data-e-type=\"widget\" data-settings=\"{&quot;_position&quot;:&quot;absolute&quot;,&quot;_animation&quot;:&quot;fadeIn&quot;}\" data-widget_type=\"edublink-animation.default\">\n\t\t\t\t<div class=\"elementor-widget-container\">\n\t\t\t\t\t<div class=\"edublink-animation-widget edublink-animation-display-type-mouse-track edublink-animation-content-type-image edublink-mouse-track-item\"><span data-depth=\"2.5\"><img decoding=\"async\" src=\"https:\/\/www.mednet.com.ar\/wp-content\/uploads\/elementor\/thumbs\/wp-breadcrumb-shape-3-qj6oon8ldoqw7fj3khjdfx97vkdtav1wo75mrz1f90.png\" alt=\"wp-breadcrumb-shape-3\"><\/span><\/div>\t\t\t\t<\/div>\n\t\t\t\t<\/div>\n\t\t\t\t<div class=\"elementor-element elementor-element-9518095 elementor-widget__width-auto elementor-absolute elementor-hidden-tablet elementor-hidden-mobile elementor-widget elementor-widget-edublink-animation\" data-id=\"9518095\" data-element_type=\"widget\" data-e-type=\"widget\" data-settings=\"{&quot;_position&quot;:&quot;absolute&quot;}\" data-widget_type=\"edublink-animation.default\">\n\t\t\t\t<div class=\"elementor-widget-container\">\n\t\t\t\t\t<div class=\"edublink-animation-widget edublink-animation-display-type-mouse-track edublink-animation-content-type-image edublink-mouse-track-item\"><span data-depth=\"2\"><img decoding=\"async\" src=\"https:\/\/www.mednet.com.ar\/wp-content\/uploads\/elementor\/thumbs\/wp-breadcrumb-shape-1-qj6ooijefikgldpxbxi8lgfwwn0z8dj8zjw7dl8e44.png\" alt=\"wp-breadcrumb-shape-1\"><\/span><\/div>\t\t\t\t<\/div>\n\t\t\t\t<\/div>\n\t\t\t\t<\/div>\n\t\t\t\t\t<\/div>\n\t\t\t\t<\/div>\n\t\t<div class=\"elementor-element elementor-element-dd717d1 e-flex e-con-boxed e-con e-parent\" data-id=\"dd717d1\" data-element_type=\"container\" data-e-type=\"container\">\n\t\t\t\t\t<div class=\"e-con-inner\">\n\t\t<div class=\"elementor-element elementor-element-f360fdb e-con-full elementor-hidden-desktop elementor-hidden-tablet elementor-hidden-mobile e-flex e-con e-child\" data-id=\"f360fdb\" data-element_type=\"container\" data-e-type=\"container\">\n\t\t\t\t<div class=\"elementor-element elementor-element-85848d4 elementor-widget elementor-widget-text-editor\" data-id=\"85848d4\" data-element_type=\"widget\" data-e-type=\"widget\" data-widget_type=\"text-editor.default\">\n\t\t\t\t<div class=\"elementor-widget-container\">\n\t\t\t\t\t\t\t\t\t<p style=\"font-size: 31px; text-align: center;\"><span style=\"color: #000000;\"><strong>See other related content<br \/><\/strong><\/span><img decoding=\"async\" class=\"alignnone size-full wp-image-19355 aligncenter\" src=\"https:\/\/www.mednet.com.ar\/wp-content\/uploads\/2024\/01\/mednet-capacitaciones-on-line-medicina-divider.png\" alt=\"\" width=\"150\" height=\"20\" srcset=\"https:\/\/www.mednet.com.ar\/wp-content\/uploads\/2024\/01\/mednet-capacitaciones-on-line-medicina-divider.png 150w, https:\/\/www.mednet.com.ar\/wp-content\/uploads\/2024\/01\/mednet-capacitaciones-on-line-medicina-divider-18x2.png 18w\" sizes=\"(max-width: 150px) 100vw, 150px\" \/><\/p>\t\t\t\t\t\t\t\t<\/div>\n\t\t\t\t<\/div>\n\t\t\t\t<div class=\"elementor-element elementor-element-9b3afd4 elementor-widget elementor-widget-edublink-post\" data-id=\"9b3afd4\" data-element_type=\"widget\" data-e-type=\"widget\" data-widget_type=\"edublink-post.default\">\n\t\t\t\t<div class=\"elementor-widget-container\">\n\t\t\t\t\t<div class=\"eb-slider-wrapper\"><div class=\"eb-blog-post-wrapper eb-post-style-1 eb-post-slider swiper swiper-container swiper-container-initialized\"><div class=\"swiper-wrapper\" data-slidestoshow=\"2\" data-tablet-items=\"2\" data-mobile-items=\"1\" data-small-mobile-items=\"1\" data-speed=\"1000\" data-direction=\"false\" data-autoplay=\"true\" data-autoplayspeed=\"3000\" data-loop=\"true\"><div class=\"eb-post-one-single-slider edublink-slider-item swiper-slide\"><div class=\"edu-blog blog-style-1\"><div class=\"inner\"><div class=\"thumbnail\"><a href=\"https:\/\/www.mednet.com.ar\/en\/jornadas-20-aniversario-curso-de-actualizacion-en-inmunizaciones-a-distancia\/\"><img decoding=\"async\" src=\"https:\/\/www.mednet.com.ar\/wp-content\/uploads\/2026\/04\/jornada-xx-inmunizaciones-590x430.jpg\" alt=\"jornada-xx-inmunizaciones\" \/><\/a><\/div><div class=\"content\"><div class=\"category-wrap\"><a href=\"https:\/\/www.mednet.com.ar\/en\/categoria\/novedades\/\">News<\/a><\/div><h5 class=\"title\"><a href=\"https:\/\/www.mednet.com.ar\/en\/jornadas-20-aniversario-curso-de-actualizacion-en-inmunizaciones-a-distancia\/\">Jornadas de Inmunizaciones 2026 para profesionales de la salud<\/a><\/h5><ul class=\"blog-meta\"><li><i class=\"icon-27\"><\/i>28 de April de 2026<\/li><li><i class=\"icon-28\"><\/i> Com 0<\/li><\/ul><p>Sumate a las Jornadas 20\u00b0 Aniversario por el Curso de Actualizaci\u00f3n en Inmunizaciones a distancia.<\/p>\n<\/div><\/div><\/div><\/div><div class=\"eb-post-one-single-slider edublink-slider-item swiper-slide\"><div class=\"edu-blog blog-style-1\"><div class=\"inner\"><div class=\"thumbnail\"><a href=\"https:\/\/www.mednet.com.ar\/en\/contenido-exclusivo-microbioma-y-acne\/\"><img decoding=\"async\" src=\"https:\/\/www.mednet.com.ar\/wp-content\/uploads\/2026\/04\/thumb-590x430.jpg\" alt=\"imagen clase\" \/><\/a><\/div><div class=\"content\"><div class=\"category-wrap\"><a href=\"https:\/\/www.mednet.com.ar\/en\/categoria\/novedades\/\">News<\/a><\/div><h5 class=\"title\"><a href=\"https:\/\/www.mednet.com.ar\/en\/contenido-exclusivo-microbioma-y-acne\/\">Contenido exclusivo | Microbioma y acn\u00e9<\/a><\/h5><ul class=\"blog-meta\"><li><i class=\"icon-27\"><\/i>22 de April de 2026<\/li><li><i class=\"icon-28\"><\/i> Com 0<\/li><\/ul><p>Un vistazo a c\u00f3mo las redes sociales moldean las decisiones sobre el cuidado de la piel.<\/p>\n<\/div><\/div><\/div><\/div><div class=\"eb-post-one-single-slider edublink-slider-item swiper-slide\"><div class=\"edu-blog blog-style-1\"><div class=\"inner\"><div class=\"thumbnail\"><a href=\"https:\/\/www.mednet.com.ar\/en\/fragmento-skincare-y-redes-sociales\/\"><img decoding=\"async\" src=\"https:\/\/www.mednet.com.ar\/wp-content\/uploads\/2026\/03\/skincare-redes-sociales-590x430.jpg\" alt=\"skincare-redes-sociales\" \/><\/a><\/div><div class=\"content\"><div class=\"category-wrap\"><a href=\"https:\/\/www.mednet.com.ar\/en\/categoria\/novedades\/\">News<\/a><\/div><h5 class=\"title\"><a href=\"https:\/\/www.mednet.com.ar\/en\/fragmento-skincare-y-redes-sociales\/\">Contenido exclusivo | Skincare y redes sociales<\/a><\/h5><ul class=\"blog-meta\"><li><i class=\"icon-27\"><\/i>27 de March de 2026<\/li><li><i class=\"icon-28\"><\/i> Com 0<\/li><\/ul><p>Un vistazo a c\u00f3mo las redes sociales moldean las decisiones sobre el cuidado de la piel.<\/p>\n<\/div><\/div><\/div><\/div><div class=\"eb-post-one-single-slider edublink-slider-item swiper-slide\"><div class=\"edu-blog blog-style-1\"><div class=\"inner\"><div class=\"thumbnail\"><a href=\"https:\/\/www.mednet.com.ar\/en\/presentacion-diplomatura-en-vih\/\"><img decoding=\"async\" src=\"https:\/\/www.mednet.com.ar\/wp-content\/uploads\/2026\/03\/thumb-590x430.jpg\" alt=\"thumb\" \/><\/a><\/div><div class=\"content\"><div class=\"category-wrap\"><a href=\"https:\/\/www.mednet.com.ar\/en\/categoria\/novedades\/\">News<\/a><\/div><h5 class=\"title\"><a href=\"https:\/\/www.mednet.com.ar\/en\/presentacion-diplomatura-en-vih\/\">Presentaci\u00f3n: Diplomatura en VIH 2026<\/a><\/h5><ul class=\"blog-meta\"><li><i class=\"icon-27\"><\/i>18 de March de 2026<\/li><li><i class=\"icon-28\"><\/i> Com 0<\/li><\/ul><p>Actualizaci\u00f3n clave para profesionales de la salud con enfoque pr\u00e1ctico y cl\u00ednico.<\/p>\n<\/div><\/div><\/div><\/div><div class=\"eb-post-one-single-slider edublink-slider-item swiper-slide\"><div class=\"edu-blog blog-style-1\"><div class=\"inner\"><div class=\"thumbnail\"><a href=\"https:\/\/www.mednet.com.ar\/en\/presentacion-curso-desarrollo-infantil\/\"><img decoding=\"async\" src=\"https:\/\/www.mednet.com.ar\/wp-content\/uploads\/2026\/01\/thumb-1-590x430.jpg\" alt=\"persona a c\u00e1mara\" \/><\/a><\/div><div class=\"content\"><div class=\"category-wrap\"><a href=\"https:\/\/www.mednet.com.ar\/en\/categoria\/novedades\/\">News<\/a><\/div><h5 class=\"title\"><a href=\"https:\/\/www.mednet.com.ar\/en\/presentacion-curso-desarrollo-infantil\/\">Presentaci\u00f3n curso Desarrollo infantil: claves para la pr\u00e1ctica pedi\u00e1trica<\/a><\/h5><ul class=\"blog-meta\"><li><i class=\"icon-27\"><\/i>26 de February de 2026<\/li><li><i class=\"icon-28\"><\/i> Com 0<\/li><\/ul><p>Qu\u00e9 observar, c\u00f3mo acompa\u00f1ar y cu\u00e1ndo derivar. Una mirada cl\u00ednica, m\u00e1s all\u00e1 de los hitos.<\/p>\n<\/div><\/div><\/div><\/div><div class=\"eb-post-one-single-slider edublink-slider-item swiper-slide\"><div class=\"edu-blog blog-style-1\"><div class=\"inner\"><div class=\"thumbnail\"><a href=\"https:\/\/www.mednet.com.ar\/en\/cursos-de-diagnostico-por-imagenes-en-pediatria\/\"><img decoding=\"async\" src=\"https:\/\/www.mednet.com.ar\/wp-content\/uploads\/2026\/01\/cursos-imagenes-590x430.jpg\" alt=\"cursos-imagenes\" \/><\/a><\/div><div class=\"content\"><div class=\"category-wrap\"><a href=\"https:\/\/www.mednet.com.ar\/en\/categoria\/novedades\/\">News<\/a><\/div><h5 class=\"title\"><a href=\"https:\/\/www.mednet.com.ar\/en\/cursos-de-diagnostico-por-imagenes-en-pediatria\/\">Cursos de Diagn\u00f3stico por Im\u00e1genes<\/a><\/h5><ul class=\"blog-meta\"><li><i class=\"icon-27\"><\/i>19 de January de 2026<\/li><li><i class=\"icon-28\"><\/i> Com 0<\/li><\/ul><p>Un recorrido formativo para fortalecer tu mirada en Diagn\u00f3stico por Im\u00e1genes en pediatr\u00eda.<\/p>\n<\/div><\/div><\/div><\/div><\/div><\/div><\/div>\t\t\t\t<\/div>\n\t\t\t\t<\/div>\n\t\t\t\t<div class=\"elementor-element elementor-element-5f88309 elementor-widget elementor-widget-spacer\" data-id=\"5f88309\" data-element_type=\"widget\" data-e-type=\"widget\" data-widget_type=\"spacer.default\">\n\t\t\t\t<div class=\"elementor-widget-container\">\n\t\t\t\t\t\t\t<div class=\"elementor-spacer\">\n\t\t\t<div class=\"elementor-spacer-inner\"><\/div>\n\t\t<\/div>\n\t\t\t\t\t\t<\/div>\n\t\t\t\t<\/div>\n\t\t\t\t<\/div>\n\t\t<div class=\"elementor-element elementor-element-06e99c5 e-con-full e-flex e-con e-child\" data-id=\"06e99c5\" data-element_type=\"container\" data-e-type=\"container\" data-settings=\"{&quot;background_background&quot;:&quot;classic&quot;}\">\n\t\t\t\t<\/div>\n\t\t\t\t\t<\/div>\n\t\t\t\t<\/div>\n\t\t\t\t<\/div>","protected":false},"excerpt":{"rendered":"<p>Te contamos detalles del curso, de la mano del Dr. Guillermo Goldfarb, m\u00e9dico pediatra y director de Mednet<\/p>","protected":false},"author":1,"featured_media":24583,"comment_status":"closed","ping_status":"closed","sticky":false,"template":"","format":"standard","meta":{"_joinchat":[],"footnotes":""},"categories":[197],"tags":[198,200,199],"class_list":["post-24581","post","type-post","status-publish","format-standard","has-post-thumbnail","hentry","category-novedades","tag-nutricion","tag-pediatras","tag-pediatria"],"yoast_head":"<!-- This site is optimized with the Yoast SEO plugin v27.5 - https:\/\/yoast.com\/product\/yoast-seo-wordpress\/ -->\n<title>Presentaci\u00f3n: Temas claves de nutrici\u00f3n infantil - Mednet<\/title>\n<meta name=\"description\" content=\"Te contamos detalles del curso Temas claves de nutrici\u00f3n infantil en el consultorio pedi\u00e1trico.\" \/>\n<meta name=\"robots\" content=\"index, follow, max-snippet:-1, max-image-preview:large, max-video-preview:-1\" \/>\n<link rel=\"canonical\" href=\"https:\/\/www.mednet.com.ar\/en\/presentacion-temas-claves-de-nutricion-infantil-en-el-consultorio-pediatrico\/\" \/>\n<meta property=\"og:locale\" content=\"en_US\" \/>\n<meta property=\"og:type\" content=\"article\" \/>\n<meta property=\"og:title\" content=\"Presentaci\u00f3n: Temas claves de nutrici\u00f3n infantil - Mednet\" \/>\n<meta property=\"og:description\" content=\"Te contamos detalles del curso Temas claves de nutrici\u00f3n infantil en el consultorio pedi\u00e1trico.\" \/>\n<meta property=\"og:url\" content=\"https:\/\/www.mednet.com.ar\/en\/presentacion-temas-claves-de-nutricion-infantil-en-el-consultorio-pediatrico\/\" \/>\n<meta property=\"og:site_name\" content=\"Mednet\" \/>\n<meta property=\"article:publisher\" content=\"https:\/\/www.facebook.com\/MedNetla\/\" \/>\n<meta property=\"article:published_time\" content=\"2024-05-20T21:44:52+00:00\" \/>\n<meta property=\"article:modified_time\" content=\"2024-08-06T15:26:46+00:00\" \/>\n<meta property=\"og:image\" content=\"https:\/\/www.mednet.com.ar\/wp-content\/uploads\/2024\/05\/thumb.jpg\" \/>\n\t<meta property=\"og:image:width\" content=\"1080\" \/>\n\t<meta property=\"og:image:height\" content=\"1080\" \/>\n\t<meta property=\"og:image:type\" content=\"image\/jpeg\" \/>\n<meta name=\"author\" content=\"Mednet\" \/>\n<meta name=\"twitter:card\" content=\"summary_large_image\" \/>\n<meta name=\"twitter:label1\" content=\"Written by\" \/>\n\t<meta name=\"twitter:data1\" content=\"Mednet\" \/>\n\t<meta name=\"twitter:label2\" content=\"Est. reading time\" \/>\n\t<meta name=\"twitter:data2\" content=\"8 minutes\" \/>\n<script type=\"application\/ld+json\" class=\"yoast-schema-graph\">{\"@context\":\"https:\\\/\\\/schema.org\",\"@graph\":[{\"@type\":\"Article\",\"@id\":\"https:\\\/\\\/www.mednet.com.ar\\\/presentacion-temas-claves-de-nutricion-infantil-en-el-consultorio-pediatrico\\\/#article\",\"isPartOf\":{\"@id\":\"https:\\\/\\\/www.mednet.com.ar\\\/presentacion-temas-claves-de-nutricion-infantil-en-el-consultorio-pediatrico\\\/\"},\"author\":{\"name\":\"Mednet\",\"@id\":\"https:\\\/\\\/www.mednet.com.ar\\\/#\\\/schema\\\/person\\\/4f17eed0aa52c4acb1c2829d4f449195\"},\"headline\":\"Presentaci\u00f3n: Temas claves de nutrici\u00f3n infantil\",\"datePublished\":\"2024-05-20T21:44:52+00:00\",\"dateModified\":\"2024-08-06T15:26:46+00:00\",\"mainEntityOfPage\":{\"@id\":\"https:\\\/\\\/www.mednet.com.ar\\\/presentacion-temas-claves-de-nutricion-infantil-en-el-consultorio-pediatrico\\\/\"},\"wordCount\":382,\"publisher\":{\"@id\":\"https:\\\/\\\/www.mednet.com.ar\\\/#organization\"},\"image\":{\"@id\":\"https:\\\/\\\/www.mednet.com.ar\\\/presentacion-temas-claves-de-nutricion-infantil-en-el-consultorio-pediatrico\\\/#primaryimage\"},\"thumbnailUrl\":\"https:\\\/\\\/www.mednet.com.ar\\\/wp-content\\\/uploads\\\/2024\\\/05\\\/thumb.jpg\",\"keywords\":[\"nutrici\u00f3n\",\"pediatras\",\"pediatr\u00eda\"],\"articleSection\":[\"Novedades\"],\"inLanguage\":\"en-US\"},{\"@type\":\"WebPage\",\"@id\":\"https:\\\/\\\/www.mednet.com.ar\\\/presentacion-temas-claves-de-nutricion-infantil-en-el-consultorio-pediatrico\\\/\",\"url\":\"https:\\\/\\\/www.mednet.com.ar\\\/presentacion-temas-claves-de-nutricion-infantil-en-el-consultorio-pediatrico\\\/\",\"name\":\"Presentaci\u00f3n: Temas claves de nutrici\u00f3n infantil - Mednet\",\"isPartOf\":{\"@id\":\"https:\\\/\\\/www.mednet.com.ar\\\/#website\"},\"primaryImageOfPage\":{\"@id\":\"https:\\\/\\\/www.mednet.com.ar\\\/presentacion-temas-claves-de-nutricion-infantil-en-el-consultorio-pediatrico\\\/#primaryimage\"},\"image\":{\"@id\":\"https:\\\/\\\/www.mednet.com.ar\\\/presentacion-temas-claves-de-nutricion-infantil-en-el-consultorio-pediatrico\\\/#primaryimage\"},\"thumbnailUrl\":\"https:\\\/\\\/www.mednet.com.ar\\\/wp-content\\\/uploads\\\/2024\\\/05\\\/thumb.jpg\",\"datePublished\":\"2024-05-20T21:44:52+00:00\",\"dateModified\":\"2024-08-06T15:26:46+00:00\",\"description\":\"Te contamos detalles del curso Temas claves de nutrici\u00f3n infantil en el consultorio pedi\u00e1trico.\",\"breadcrumb\":{\"@id\":\"https:\\\/\\\/www.mednet.com.ar\\\/presentacion-temas-claves-de-nutricion-infantil-en-el-consultorio-pediatrico\\\/#breadcrumb\"},\"inLanguage\":\"en-US\",\"potentialAction\":[{\"@type\":\"ReadAction\",\"target\":[\"https:\\\/\\\/www.mednet.com.ar\\\/presentacion-temas-claves-de-nutricion-infantil-en-el-consultorio-pediatrico\\\/\"]}]},{\"@type\":\"ImageObject\",\"inLanguage\":\"en-US\",\"@id\":\"https:\\\/\\\/www.mednet.com.ar\\\/presentacion-temas-claves-de-nutricion-infantil-en-el-consultorio-pediatrico\\\/#primaryimage\",\"url\":\"https:\\\/\\\/www.mednet.com.ar\\\/wp-content\\\/uploads\\\/2024\\\/05\\\/thumb.jpg\",\"contentUrl\":\"https:\\\/\\\/www.mednet.com.ar\\\/wp-content\\\/uploads\\\/2024\\\/05\\\/thumb.jpg\",\"width\":1080,\"height\":1080,\"caption\":\"Dr. Guillermo Goldfarb presenta Temas clave de nutrici\u00f3n infantil\"},{\"@type\":\"BreadcrumbList\",\"@id\":\"https:\\\/\\\/www.mednet.com.ar\\\/presentacion-temas-claves-de-nutricion-infantil-en-el-consultorio-pediatrico\\\/#breadcrumb\",\"itemListElement\":[{\"@type\":\"ListItem\",\"position\":1,\"name\":\"Portada\",\"item\":\"https:\\\/\\\/www.mednet.com.ar\\\/\"},{\"@type\":\"ListItem\",\"position\":2,\"name\":\"Presentaci\u00f3n: Temas claves de nutrici\u00f3n infantil\"}]},{\"@type\":\"WebSite\",\"@id\":\"https:\\\/\\\/www.mednet.com.ar\\\/#website\",\"url\":\"https:\\\/\\\/www.mednet.com.ar\\\/\",\"name\":\"Mednet\",\"description\":\"Capacitaciones Online\",\"publisher\":{\"@id\":\"https:\\\/\\\/www.mednet.com.ar\\\/#organization\"},\"potentialAction\":[{\"@type\":\"SearchAction\",\"target\":{\"@type\":\"EntryPoint\",\"urlTemplate\":\"https:\\\/\\\/www.mednet.com.ar\\\/?s={search_term_string}\"},\"query-input\":{\"@type\":\"PropertyValueSpecification\",\"valueRequired\":true,\"valueName\":\"search_term_string\"}}],\"inLanguage\":\"en-US\"},{\"@type\":\"Organization\",\"@id\":\"https:\\\/\\\/www.mednet.com.ar\\\/#organization\",\"name\":\"Mednet\",\"url\":\"https:\\\/\\\/www.mednet.com.ar\\\/\",\"logo\":{\"@type\":\"ImageObject\",\"inLanguage\":\"en-US\",\"@id\":\"https:\\\/\\\/www.mednet.com.ar\\\/#\\\/schema\\\/logo\\\/image\\\/\",\"url\":\"https:\\\/\\\/www.mednet.com.ar\\\/wp-content\\\/uploads\\\/2025\\\/02\\\/cropped-logo-mednet-capacitaciones-online-rb.png\",\"contentUrl\":\"https:\\\/\\\/www.mednet.com.ar\\\/wp-content\\\/uploads\\\/2025\\\/02\\\/cropped-logo-mednet-capacitaciones-online-rb.png\",\"width\":376,\"height\":150,\"caption\":\"Mednet\"},\"image\":{\"@id\":\"https:\\\/\\\/www.mednet.com.ar\\\/#\\\/schema\\\/logo\\\/image\\\/\"},\"sameAs\":[\"https:\\\/\\\/www.facebook.com\\\/MedNetla\\\/\",\"https:\\\/\\\/www.instagram.com\\\/mednetla\\\/\",\"https:\\\/\\\/ar.linkedin.com\\\/company\\\/mednet-capacitaciones-online\"]},{\"@type\":\"Person\",\"@id\":\"https:\\\/\\\/www.mednet.com.ar\\\/#\\\/schema\\\/person\\\/4f17eed0aa52c4acb1c2829d4f449195\",\"name\":\"Mednet\",\"image\":{\"@type\":\"ImageObject\",\"inLanguage\":\"en-US\",\"@id\":\"https:\\\/\\\/secure.gravatar.com\\\/avatar\\\/d3052946cffb23cf6c63213ceb4d1e38ee436c5212129930b33405ed9ab49486?s=96&d=mm&r=g\",\"url\":\"https:\\\/\\\/secure.gravatar.com\\\/avatar\\\/d3052946cffb23cf6c63213ceb4d1e38ee436c5212129930b33405ed9ab49486?s=96&d=mm&r=g\",\"contentUrl\":\"https:\\\/\\\/secure.gravatar.com\\\/avatar\\\/d3052946cffb23cf6c63213ceb4d1e38ee436c5212129930b33405ed9ab49486?s=96&d=mm&r=g\",\"caption\":\"Mednet\"},\"sameAs\":[\"https:\\\/\\\/www.mednet.com.ar\"],\"url\":\"https:\\\/\\\/www.mednet.com.ar\\\/en\\\/author\\\/mednetwp\\\/\"}]}<\/script>\n<!-- \/ Yoast SEO plugin. -->","yoast_head_json":{"title":"Presentaci\u00f3n: Temas claves de nutrici\u00f3n infantil - Mednet","description":"Te contamos detalles del curso Temas claves de nutrici\u00f3n infantil en el consultorio pedi\u00e1trico.","robots":{"index":"index","follow":"follow","max-snippet":"max-snippet:-1","max-image-preview":"max-image-preview:large","max-video-preview":"max-video-preview:-1"},"canonical":"https:\/\/www.mednet.com.ar\/en\/presentacion-temas-claves-de-nutricion-infantil-en-el-consultorio-pediatrico\/","og_locale":"en_US","og_type":"article","og_title":"Presentaci\u00f3n: Temas claves de nutrici\u00f3n infantil - Mednet","og_description":"Te contamos detalles del curso Temas claves de nutrici\u00f3n infantil en el consultorio pedi\u00e1trico.","og_url":"https:\/\/www.mednet.com.ar\/en\/presentacion-temas-claves-de-nutricion-infantil-en-el-consultorio-pediatrico\/","og_site_name":"Mednet","article_publisher":"https:\/\/www.facebook.com\/MedNetla\/","article_published_time":"2024-05-20T21:44:52+00:00","article_modified_time":"2024-08-06T15:26:46+00:00","og_image":[{"width":1080,"height":1080,"url":"https:\/\/www.mednet.com.ar\/wp-content\/uploads\/2024\/05\/thumb.jpg","type":"image\/jpeg"}],"author":"Mednet","twitter_card":"summary_large_image","twitter_misc":{"Written by":"Mednet","Est. reading time":"8 minutes"},"schema":{"@context":"https:\/\/schema.org","@graph":[{"@type":"Article","@id":"https:\/\/www.mednet.com.ar\/presentacion-temas-claves-de-nutricion-infantil-en-el-consultorio-pediatrico\/#article","isPartOf":{"@id":"https:\/\/www.mednet.com.ar\/presentacion-temas-claves-de-nutricion-infantil-en-el-consultorio-pediatrico\/"},"author":{"name":"Mednet","@id":"https:\/\/www.mednet.com.ar\/#\/schema\/person\/4f17eed0aa52c4acb1c2829d4f449195"},"headline":"Presentaci\u00f3n: Temas claves de nutrici\u00f3n infantil","datePublished":"2024-05-20T21:44:52+00:00","dateModified":"2024-08-06T15:26:46+00:00","mainEntityOfPage":{"@id":"https:\/\/www.mednet.com.ar\/presentacion-temas-claves-de-nutricion-infantil-en-el-consultorio-pediatrico\/"},"wordCount":382,"publisher":{"@id":"https:\/\/www.mednet.com.ar\/#organization"},"image":{"@id":"https:\/\/www.mednet.com.ar\/presentacion-temas-claves-de-nutricion-infantil-en-el-consultorio-pediatrico\/#primaryimage"},"thumbnailUrl":"https:\/\/www.mednet.com.ar\/wp-content\/uploads\/2024\/05\/thumb.jpg","keywords":["nutrici\u00f3n","pediatras","pediatr\u00eda"],"articleSection":["Novedades"],"inLanguage":"en-US"},{"@type":"WebPage","@id":"https:\/\/www.mednet.com.ar\/presentacion-temas-claves-de-nutricion-infantil-en-el-consultorio-pediatrico\/","url":"https:\/\/www.mednet.com.ar\/presentacion-temas-claves-de-nutricion-infantil-en-el-consultorio-pediatrico\/","name":"Presentaci\u00f3n: Temas claves de nutrici\u00f3n infantil - Mednet","isPartOf":{"@id":"https:\/\/www.mednet.com.ar\/#website"},"primaryImageOfPage":{"@id":"https:\/\/www.mednet.com.ar\/presentacion-temas-claves-de-nutricion-infantil-en-el-consultorio-pediatrico\/#primaryimage"},"image":{"@id":"https:\/\/www.mednet.com.ar\/presentacion-temas-claves-de-nutricion-infantil-en-el-consultorio-pediatrico\/#primaryimage"},"thumbnailUrl":"https:\/\/www.mednet.com.ar\/wp-content\/uploads\/2024\/05\/thumb.jpg","datePublished":"2024-05-20T21:44:52+00:00","dateModified":"2024-08-06T15:26:46+00:00","description":"Te contamos detalles del curso Temas claves de nutrici\u00f3n infantil en el consultorio pedi\u00e1trico.","breadcrumb":{"@id":"https:\/\/www.mednet.com.ar\/presentacion-temas-claves-de-nutricion-infantil-en-el-consultorio-pediatrico\/#breadcrumb"},"inLanguage":"en-US","potentialAction":[{"@type":"ReadAction","target":["https:\/\/www.mednet.com.ar\/presentacion-temas-claves-de-nutricion-infantil-en-el-consultorio-pediatrico\/"]}]},{"@type":"ImageObject","inLanguage":"en-US","@id":"https:\/\/www.mednet.com.ar\/presentacion-temas-claves-de-nutricion-infantil-en-el-consultorio-pediatrico\/#primaryimage","url":"https:\/\/www.mednet.com.ar\/wp-content\/uploads\/2024\/05\/thumb.jpg","contentUrl":"https:\/\/www.mednet.com.ar\/wp-content\/uploads\/2024\/05\/thumb.jpg","width":1080,"height":1080,"caption":"Dr. Guillermo Goldfarb presenta Temas clave de nutrici\u00f3n infantil"},{"@type":"BreadcrumbList","@id":"https:\/\/www.mednet.com.ar\/presentacion-temas-claves-de-nutricion-infantil-en-el-consultorio-pediatrico\/#breadcrumb","itemListElement":[{"@type":"ListItem","position":1,"name":"Portada","item":"https:\/\/www.mednet.com.ar\/"},{"@type":"ListItem","position":2,"name":"Presentaci\u00f3n: Temas claves de nutrici\u00f3n infantil"}]},{"@type":"WebSite","@id":"https:\/\/www.mednet.com.ar\/#website","url":"https:\/\/www.mednet.com.ar\/","name":"Mednet","description":"Capacitaciones Online","publisher":{"@id":"https:\/\/www.mednet.com.ar\/#organization"},"potentialAction":[{"@type":"SearchAction","target":{"@type":"EntryPoint","urlTemplate":"https:\/\/www.mednet.com.ar\/?s={search_term_string}"},"query-input":{"@type":"PropertyValueSpecification","valueRequired":true,"valueName":"search_term_string"}}],"inLanguage":"en-US"},{"@type":"Organization","@id":"https:\/\/www.mednet.com.ar\/#organization","name":"Mednet","url":"https:\/\/www.mednet.com.ar\/","logo":{"@type":"ImageObject","inLanguage":"en-US","@id":"https:\/\/www.mednet.com.ar\/#\/schema\/logo\/image\/","url":"https:\/\/www.mednet.com.ar\/wp-content\/uploads\/2025\/02\/cropped-logo-mednet-capacitaciones-online-rb.png","contentUrl":"https:\/\/www.mednet.com.ar\/wp-content\/uploads\/2025\/02\/cropped-logo-mednet-capacitaciones-online-rb.png","width":376,"height":150,"caption":"Mednet"},"image":{"@id":"https:\/\/www.mednet.com.ar\/#\/schema\/logo\/image\/"},"sameAs":["https:\/\/www.facebook.com\/MedNetla\/","https:\/\/www.instagram.com\/mednetla\/","https:\/\/ar.linkedin.com\/company\/mednet-capacitaciones-online"]},{"@type":"Person","@id":"https:\/\/www.mednet.com.ar\/#\/schema\/person\/4f17eed0aa52c4acb1c2829d4f449195","name":"Mednet","image":{"@type":"ImageObject","inLanguage":"en-US","@id":"https:\/\/secure.gravatar.com\/avatar\/d3052946cffb23cf6c63213ceb4d1e38ee436c5212129930b33405ed9ab49486?s=96&d=mm&r=g","url":"https:\/\/secure.gravatar.com\/avatar\/d3052946cffb23cf6c63213ceb4d1e38ee436c5212129930b33405ed9ab49486?s=96&d=mm&r=g","contentUrl":"https:\/\/secure.gravatar.com\/avatar\/d3052946cffb23cf6c63213ceb4d1e38ee436c5212129930b33405ed9ab49486?s=96&d=mm&r=g","caption":"Mednet"},"sameAs":["https:\/\/www.mednet.com.ar"],"url":"https:\/\/www.mednet.com.ar\/en\/author\/mednetwp\/"}]}},"_links":{"self":[{"href":"https:\/\/www.mednet.com.ar\/en\/wp-json\/wp\/v2\/posts\/24581","targetHints":{"allow":["GET"]}}],"collection":[{"href":"https:\/\/www.mednet.com.ar\/en\/wp-json\/wp\/v2\/posts"}],"about":[{"href":"https:\/\/www.mednet.com.ar\/en\/wp-json\/wp\/v2\/types\/post"}],"author":[{"embeddable":true,"href":"https:\/\/www.mednet.com.ar\/en\/wp-json\/wp\/v2\/users\/1"}],"replies":[{"embeddable":true,"href":"https:\/\/www.mednet.com.ar\/en\/wp-json\/wp\/v2\/comments?post=24581"}],"version-history":[{"count":47,"href":"https:\/\/www.mednet.com.ar\/en\/wp-json\/wp\/v2\/posts\/24581\/revisions"}],"predecessor-version":[{"id":25781,"href":"https:\/\/www.mednet.com.ar\/en\/wp-json\/wp\/v2\/posts\/24581\/revisions\/25781"}],"wp:featuredmedia":[{"embeddable":true,"href":"https:\/\/www.mednet.com.ar\/en\/wp-json\/wp\/v2\/media\/24583"}],"wp:attachment":[{"href":"https:\/\/www.mednet.com.ar\/en\/wp-json\/wp\/v2\/media?parent=24581"}],"wp:term":[{"taxonomy":"category","embeddable":true,"href":"https:\/\/www.mednet.com.ar\/en\/wp-json\/wp\/v2\/categories?post=24581"},{"taxonomy":"post_tag","embeddable":true,"href":"https:\/\/www.mednet.com.ar\/en\/wp-json\/wp\/v2\/tags?post=24581"}],"curies":[{"name":"wp","href":"https:\/\/api.w.org\/{rel}","templated":true}]}}