{"id":24961,"date":"2024-05-29T15:01:17","date_gmt":"2024-05-29T18:01:17","guid":{"rendered":"https:\/\/www.mednet.com.ar\/?p=24961"},"modified":"2025-04-29T15:09:53","modified_gmt":"2025-04-29T18:09:53","slug":"presentacion-curso-ecografia-pediatrica","status":"publish","type":"post","link":"https:\/\/www.mednet.com.ar\/en\/presentacion-curso-ecografia-pediatrica\/","title":{"rendered":"Presentaci\u00f3n curso Ecograf\u00eda pedi\u00e1trica"},"content":{"rendered":"<div data-elementor-type=\"wp-post\" data-elementor-id=\"24961\" class=\"elementor elementor-24961\">\n\t\t\t\t<div class=\"elementor-element elementor-element-e653811 e-flex e-con-boxed e-con e-parent\" data-id=\"e653811\" data-element_type=\"container\" data-e-type=\"container\">\n\t\t\t\t\t<div class=\"e-con-inner\">\n\t\t<div class=\"elementor-element elementor-element-e4b22fb e-con-full e-flex e-con e-child\" data-id=\"e4b22fb\" data-element_type=\"container\" data-e-type=\"container\">\n\t\t\t\t<div class=\"elementor-element elementor-element-04fadc4 elementor-widget elementor-widget-text-editor\" data-id=\"04fadc4\" data-element_type=\"widget\" data-e-type=\"widget\" data-widget_type=\"text-editor.default\">\n\t\t\t\t<div class=\"elementor-widget-container\">\n\t\t\t\t\t\t\t\t\t<p>El <strong>Dr. Luis Fernando Gentile<\/strong>, la <strong>Dra. Lidia Blumenthal<\/strong> y el <strong>Dr. Hugo Cozzani<\/strong> te cuentan todo sobre el Curso virtual de Ecograf\u00eda pedi\u00e1trica.<\/p>\t\t\t\t\t\t\t\t<\/div>\n\t\t\t\t<\/div>\n\t\t\t\t<div class=\"elementor-element elementor-element-679bef9 elementor-widget elementor-widget-edublink-video-popup\" data-id=\"679bef9\" data-element_type=\"widget\" data-e-type=\"widget\" data-widget_type=\"edublink-video-popup.default\">\n\t\t\t\t<div class=\"elementor-widget-container\">\n\t\t\t\t\t<div class=\"edublink-video-popup-wrapper edublink-video-popup-animation-continious edublink-video-popup-continious-type-custom-ripple-color edublink-video-popup-bg-enable\" style=\"background-image: url(https:\/\/www.mednet.com.ar\/wp-content\/uploads\/2024\/05\/thumb-4.jpg)\"><div class=\"edublink-video-popup-content\"><a class=\"edublink-video-popup-icon\" href=\"https:\/\/vimeo.com\/729786743?share=copy\"><svg aria-hidden=\"true\" class=\"e-font-icon-svg e-fas-play\" viewbox=\"0 0 448 512\" xmlns=\"http:\/\/www.w3.org\/2000\/svg\"><path d=\"M424.4 214.7L72.4 6.6C43.8-10.3 0 6.1 0 47.9V464c0 37.5 40.7 60.1 72.4 41.3l352-208c31.4-18.5 31.5-64.1 0-82.6z\"><\/path><\/svg><\/a><\/div><\/div>\t\t\t\t<\/div>\n\t\t\t\t<\/div>\n\t\t<div class=\"elementor-element elementor-element-c95a750 e-con-full e-grid elementor-hidden-desktop elementor-hidden-tablet elementor-hidden-mobile e-con e-child\" data-id=\"c95a750\" data-element_type=\"container\" data-e-type=\"container\">\n\t\t\t\t<div class=\"elementor-element elementor-element-dc396d6 elementor-widget elementor-widget-edublink-video-popup\" data-id=\"dc396d6\" data-element_type=\"widget\" data-e-type=\"widget\" data-widget_type=\"edublink-video-popup.default\">\n\t\t\t\t<div class=\"elementor-widget-container\">\n\t\t\t\t\t<div class=\"edublink-video-popup-wrapper edublink-video-popup-animation-continious edublink-video-popup-continious-type-custom-ripple-color edublink-video-popup-bg-enable\" style=\"background-image: url(https:\/\/www.mednet.com.ar\/wp-content\/uploads\/2024\/04\/entrevista_dengue_vacunacion.webp)\"><div class=\"edublink-video-popup-content\"><a class=\"edublink-video-popup-icon\" href=\"https:\/\/vimeo.com\/933374175\"><svg aria-hidden=\"true\" class=\"e-font-icon-svg e-fas-play\" viewbox=\"0 0 448 512\" xmlns=\"http:\/\/www.w3.org\/2000\/svg\"><path d=\"M424.4 214.7L72.4 6.6C43.8-10.3 0 6.1 0 47.9V464c0 37.5 40.7 60.1 72.4 41.3l352-208c31.4-18.5 31.5-64.1 0-82.6z\"><\/path><\/svg><\/a><\/div><\/div>\t\t\t\t<\/div>\n\t\t\t\t<\/div>\n\t\t\t\t<div class=\"elementor-element elementor-element-182aac3 elementor-widget elementor-widget-edublink-video-popup\" data-id=\"182aac3\" data-element_type=\"widget\" data-e-type=\"widget\" data-widget_type=\"edublink-video-popup.default\">\n\t\t\t\t<div class=\"elementor-widget-container\">\n\t\t\t\t\t<div class=\"edublink-video-popup-wrapper edublink-video-popup-animation-continious edublink-video-popup-continious-type-custom-ripple-color edublink-video-popup-bg-enable\" style=\"background-image: url(https:\/\/www.mednet.com.ar\/wp-content\/uploads\/2024\/04\/entrevista_dengue_vacunacion.webp)\"><div class=\"edublink-video-popup-content\"><a class=\"edublink-video-popup-icon\" href=\"https:\/\/vimeo.com\/933374175\"><svg aria-hidden=\"true\" class=\"e-font-icon-svg e-fas-play\" viewbox=\"0 0 448 512\" xmlns=\"http:\/\/www.w3.org\/2000\/svg\"><path d=\"M424.4 214.7L72.4 6.6C43.8-10.3 0 6.1 0 47.9V464c0 37.5 40.7 60.1 72.4 41.3l352-208c31.4-18.5 31.5-64.1 0-82.6z\"><\/path><\/svg><\/a><\/div><\/div>\t\t\t\t<\/div>\n\t\t\t\t<\/div>\n\t\t\t\t<\/div>\n\t\t\t\t<div class=\"elementor-element elementor-element-f11137f elementor-widget elementor-widget-spacer\" data-id=\"f11137f\" data-element_type=\"widget\" data-e-type=\"widget\" data-widget_type=\"spacer.default\">\n\t\t\t\t<div class=\"elementor-widget-container\">\n\t\t\t\t\t\t\t<div class=\"elementor-spacer\">\n\t\t\t<div class=\"elementor-spacer-inner\"><\/div>\n\t\t<\/div>\n\t\t\t\t\t\t<\/div>\n\t\t\t\t<\/div>\n\t\t\t\t<div class=\"elementor-element elementor-element-e71fb56 elementor-widget elementor-widget-text-editor\" data-id=\"e71fb56\" data-element_type=\"widget\" data-e-type=\"widget\" data-widget_type=\"text-editor.default\">\n\t\t\t\t<div class=\"elementor-widget-container\">\n\t\t\t\t\t\t\t\t\t<p style=\"font-size: 31px; text-align: center;\"><span style=\"color: #000000;\"><strong>Cursos relacionados<br \/><\/strong><\/span><img decoding=\"async\" class=\"alignnone size-full wp-image-19355 aligncenter\" src=\"https:\/\/www.mednet.com.ar\/wp-content\/uploads\/2024\/01\/mednet-capacitaciones-on-line-medicina-divider.png\" alt=\"\" width=\"150\" height=\"20\" srcset=\"https:\/\/www.mednet.com.ar\/wp-content\/uploads\/2024\/01\/mednet-capacitaciones-on-line-medicina-divider.png 150w, https:\/\/www.mednet.com.ar\/wp-content\/uploads\/2024\/01\/mednet-capacitaciones-on-line-medicina-divider-18x2.png 18w\" sizes=\"(max-width: 150px) 100vw, 150px\" \/><\/p>\t\t\t\t\t\t\t\t<\/div>\n\t\t\t\t<\/div>\n\t\t<div class=\"elementor-element elementor-element-ca4bacc e-con-full e-grid e-con e-child\" data-id=\"ca4bacc\" data-element_type=\"container\" data-e-type=\"container\">\n\t\t\t\t<div class=\"elementor-element elementor-element-534fb43 elementor-widget elementor-widget-edublink-lp-courses\" data-id=\"534fb43\" data-element_type=\"widget\" data-e-type=\"widget\" data-widget_type=\"edublink-lp-courses.default\">\n\t\t\t\t<div class=\"elementor-widget-container\">\n\t\t\t\t\t<div class=\"edublink-course-widget-wrapper eb-slider-wrapper\"><div class=\"edublink-archive-lp-courses edublink-course-archive edublink-lms-courses-slider swiper swiper-container swiper-container-initialized\"><div class=\"swiper-wrapper\" data-slidestoshow=\"2\" data-tablet-items=\"2\" data-mobile-items=\"1\" data-small-mobile-items=\"1\" data-speed=\"1000\" data-direction=\"false\" data-autoplay=\"true\" data-autoplayspeed=\"4000\" data-loop=\"true\">            <div id=\"post-21297\" class=\"edublink-course-style-2 edublink-course-2-slider-item edublink-slider-item swiper-slide post-21297 lp_course type-lp_course status-publish has-post-thumbnail hentry course_category-diagnostico-por-imagenes course_tag-capacitacion-online course_tag-curso-medicina course_tag-cursos course_tag-cursos-online course_tag-ecografia-pediatrica course_tag-imagenes course_tag-medicina-online course_tag-mednet course_tag-mednet-cursos course\"  >\n            <div class=\"edublink-single-course course-style-2\"><div class=\"inner\"><div class=\"thumbnail\"><a class=\"course-thumb\" href=\"https:\/\/www.mednet.com.ar\/en\/cursos\/ecografia-pediatrica\/\"><img decoding=\"async\" class=\"w-100\" src=\"https:\/\/www.mednet.com.ar\/wp-content\/uploads\/2024\/02\/ecografia-590x430.webp\" alt=\"m\u00e9dico realizando una ecograf\u00eda a un ni\u00f1o\"><\/a><div class=\"time-top\"><span class=\"duration\"><i class=\"icon-61\"><\/i>Online<\/span><\/div><\/div><div class=\"content\"><span class=\"course-level\"><a href=\"https:\/\/www.mednet.com.ar\/en\/categoria-de-curso\/diagnostico-por-imagenes\/\">Diagnostic imaging<\/a><\/span><h6 class=\"title\"><a href=\"https:\/\/www.mednet.com.ar\/en\/cursos\/ecografia-pediatrica\/\">Ecograf\u00eda Pedi\u00e1trica<\/a><\/h6><p>Destinado a: M\u00e9dicos especialistas en diagn\u00f3stico por im\u00e1genes y pediatras interesados en profundizar en la patolog\u00eda pedi\u00e1trica.<\/p>\n<div class=\"read-more-btn\"><a class=\"edu-btn btn-small btn-secondary\" href=\"https:\/\/www.mednet.com.ar\/en\/cursos\/ecografia-pediatrica\/\">More information<i class=\"icon-4\"><\/i><\/a><\/div><\/div><\/div><\/div><\/div>            <div id=\"post-21246\" class=\"edublink-course-style-2 edublink-course-2-slider-item edublink-slider-item swiper-slide post-21246 lp_course type-lp_course status-publish has-post-thumbnail hentry course_category-diagnostico-por-imagenes course_tag-capacitacion-online course_tag-curso-medicina course_tag-cursos course_tag-cursos-online course_tag-diagnostico-por-imagenes-en-pediatria course_tag-imagenes course_tag-medicina-online course_tag-mednet course_tag-mednet-cursos course\"  >\n            <div class=\"edublink-single-course course-style-2\"><div class=\"inner\"><div class=\"thumbnail\"><a class=\"course-thumb\" href=\"https:\/\/www.mednet.com.ar\/en\/cursos\/diagnostico-por-imagenes-en-pediatria\/\"><img decoding=\"async\" class=\"w-100\" src=\"https:\/\/www.mednet.com.ar\/wp-content\/uploads\/2024\/02\/dipp-590x430.webp\" alt=\"dipp\"><\/a><div class=\"time-top\"><span class=\"duration\"><i class=\"icon-61\"><\/i>Online<\/span><\/div><\/div><div class=\"content\"><span class=\"course-level\"><a href=\"https:\/\/www.mednet.com.ar\/en\/categoria-de-curso\/diagnostico-por-imagenes\/\">Diagnostic imaging<\/a><\/span><h6 class=\"title\"><a href=\"https:\/\/www.mednet.com.ar\/en\/cursos\/diagnostico-por-imagenes-en-pediatria\/\">Diagn\u00f3stico por Im\u00e1genes en Pediatr\u00eda<\/a><\/h6><p>Poder discernir qu\u00e9 m\u00e9todo de diagn\u00f3stico por im\u00e1genes es el m\u00e1s indicado para cada patolog\u00eda, s\u00edndrome y\/o signo cl\u00ednico, y reconocer las im\u00e1genes \"normales\" de cada \u00f3rgano para luego ser capaces de diferenciar correctamente una imagen patol\u00f3gica de una que no lo es.<\/p>\n<div class=\"read-more-btn\"><a class=\"edu-btn btn-small btn-secondary\" href=\"https:\/\/www.mednet.com.ar\/en\/cursos\/diagnostico-por-imagenes-en-pediatria\/\">More information<i class=\"icon-4\"><\/i><\/a><\/div><\/div><\/div><\/div><\/div>            <div id=\"post-21210\" class=\"edublink-course-style-2 edublink-course-2-slider-item edublink-slider-item swiper-slide post-21210 lp_course type-lp_course status-publish has-post-thumbnail hentry course_category-diagnostico-por-imagenes course_tag-capacitacion-online course_tag-curso-medicina course_tag-cursos course_tag-cursos-online course_tag-informe-radiologico course_tag-medicina-interna course_tag-medicina-online course_tag-mednet course_tag-mednet-cursos course\"  >\n            <div class=\"edublink-single-course course-style-2\"><div class=\"inner\"><div class=\"thumbnail\"><a class=\"course-thumb\" href=\"https:\/\/www.mednet.com.ar\/en\/cursos\/informe-radiologico-convencional-pediatrico\/\"><img decoding=\"async\" class=\"w-100\" src=\"https:\/\/www.mednet.com.ar\/wp-content\/uploads\/2024\/02\/irx-590x430.webp\" alt=\"irx\"><\/a><div class=\"time-top\"><span class=\"duration\"><i class=\"icon-61\"><\/i>Online<\/span><\/div><\/div><div class=\"content\"><span class=\"course-level\"><a href=\"https:\/\/www.mednet.com.ar\/en\/categoria-de-curso\/diagnostico-por-imagenes\/\">Diagnostic imaging<\/a><\/span><h6 class=\"title\"><a href=\"https:\/\/www.mednet.com.ar\/en\/cursos\/informe-radiologico-convencional-pediatrico\/\">Informe radiol\u00f3gico convencional pedi\u00e1trico<\/a><\/h6><p>La Rx simple sigue siendo un m\u00e9todo de diagn\u00f3stico de excelencia en pediatr\u00eda. Despu\u00e9s de la experiencia con el curso de Informe Radiol\u00f3gico convencional pedi\u00e1trico, con este curso te plantearemos nuevos desaf\u00edos para reconocer e informar correctamente una Rx simple.<\/p>\n<div class=\"read-more-btn\"><a class=\"edu-btn btn-small btn-secondary\" href=\"https:\/\/www.mednet.com.ar\/en\/cursos\/informe-radiologico-convencional-pediatrico\/\">More information<i class=\"icon-4\"><\/i><\/a><\/div><\/div><\/div><\/div><\/div><\/div><\/div><\/div>\t\t\t\t<\/div>\n\t\t\t\t<\/div>\n\t\t\t\t<\/div>\n\t\t\t\t<\/div>\n\t\t<div class=\"elementor-element elementor-element-4da6aa9 e-con-full elementor-hidden-mobile elementor-hidden-desktop elementor-hidden-tablet e-flex e-con e-child\" data-id=\"4da6aa9\" data-element_type=\"container\" data-e-type=\"container\" data-settings=\"{&quot;position&quot;:&quot;fixed&quot;,&quot;background_background&quot;:&quot;classic&quot;}\">\n\t\t\t\t<div class=\"elementor-element elementor-element-c727f8f elementor-widget elementor-widget-text-editor\" data-id=\"c727f8f\" data-element_type=\"widget\" data-e-type=\"widget\" data-widget_type=\"text-editor.default\">\n\t\t\t\t<div class=\"elementor-widget-container\">\n\t\t\t\t\t\t\t\t\t<p style=\"font-size: 16px; text-align: center;\"><span style=\"color: #000000;\">\u00a1Suscr\u00edbete y recibe m\u00e1s novedades <br \/>y beneficios!<\/span><\/p>\t\t\t\t\t\t\t\t<\/div>\n\t\t\t\t<\/div>\n\t\t\t\t<div class=\"elementor-element elementor-element-decc431 elementor-widget elementor-widget-text-editor\" data-id=\"decc431\" data-element_type=\"widget\" data-e-type=\"widget\" data-widget_type=\"text-editor.default\">\n\t\t\t\t<div class=\"elementor-widget-container\">\n\t\t\t\t\t\t\t\t\t<p style=\"font-size: 17px; text-align: center;\"><img decoding=\"async\" class=\"alignnone size-full wp-image-19355 aligncenter\" src=\"https:\/\/www.mednet.com.ar\/wp-content\/uploads\/2024\/01\/mednet-capacitaciones-on-line-medicina-divider.png\" alt=\"\" width=\"150\" height=\"20\" srcset=\"https:\/\/www.mednet.com.ar\/wp-content\/uploads\/2024\/01\/mednet-capacitaciones-on-line-medicina-divider.png 150w, https:\/\/www.mednet.com.ar\/wp-content\/uploads\/2024\/01\/mednet-capacitaciones-on-line-medicina-divider-18x2.png 18w\" sizes=\"(max-width: 150px) 100vw, 150px\" \/><\/p>\t\t\t\t\t\t\t\t<\/div>\n\t\t\t\t<\/div>\n\t\t\t\t<div class=\"elementor-element elementor-element-a8968cb elementor-widget__width-initial sg-popup-id-20142 elementor-widget elementor-widget-edublink-button\" data-id=\"a8968cb\" data-element_type=\"widget\" data-e-type=\"widget\" data-widget_type=\"edublink-button.default\">\n\t\t\t\t<div class=\"elementor-widget-container\">\n\t\t\t\t\t<div class=\"edublink-button-widget-wrapper\"><a class=\"edublink-button-item edublink-button-style-custom edublink-button-size-small edublink-button-icon-position-after\" href=\"#\">Suscribirme al Newsletter<i class=\"edublink icon-4\"><\/i><\/a><\/div>\t\t\t\t<\/div>\n\t\t\t\t<\/div>\n\t\t\t\t<div class=\"elementor-element elementor-element-338624c elementor-widget__width-auto elementor-absolute elementor-hidden-tablet elementor-hidden-mobile elementor-invisible elementor-widget elementor-widget-edublink-animation\" data-id=\"338624c\" data-element_type=\"widget\" data-e-type=\"widget\" data-settings=\"{&quot;_position&quot;:&quot;absolute&quot;,&quot;_animation&quot;:&quot;fadeIn&quot;}\" data-widget_type=\"edublink-animation.default\">\n\t\t\t\t<div class=\"elementor-widget-container\">\n\t\t\t\t\t<div class=\"edublink-animation-widget edublink-animation-display-type-mouse-track edublink-animation-content-type-image edublink-mouse-track-item\"><span data-depth=\"2.5\"><img decoding=\"async\" src=\"https:\/\/www.mednet.com.ar\/wp-content\/uploads\/elementor\/thumbs\/wp-breadcrumb-shape-3-qj6oon8ldoqw7fj3khjdfx97vkdtav1wo75mrz1f90.png\" alt=\"wp-breadcrumb-shape-3\"><\/span><\/div>\t\t\t\t<\/div>\n\t\t\t\t<\/div>\n\t\t\t\t<div class=\"elementor-element elementor-element-9518095 elementor-widget__width-auto elementor-absolute elementor-hidden-tablet elementor-hidden-mobile elementor-widget elementor-widget-edublink-animation\" data-id=\"9518095\" data-element_type=\"widget\" data-e-type=\"widget\" data-settings=\"{&quot;_position&quot;:&quot;absolute&quot;}\" data-widget_type=\"edublink-animation.default\">\n\t\t\t\t<div class=\"elementor-widget-container\">\n\t\t\t\t\t<div class=\"edublink-animation-widget edublink-animation-display-type-mouse-track edublink-animation-content-type-image edublink-mouse-track-item\"><span data-depth=\"2\"><img decoding=\"async\" src=\"https:\/\/www.mednet.com.ar\/wp-content\/uploads\/elementor\/thumbs\/wp-breadcrumb-shape-1-qj6ooijefikgldpxbxi8lgfwwn0z8dj8zjw7dl8e44.png\" alt=\"wp-breadcrumb-shape-1\"><\/span><\/div>\t\t\t\t<\/div>\n\t\t\t\t<\/div>\n\t\t\t\t<\/div>\n\t\t\t\t\t<\/div>\n\t\t\t\t<\/div>\n\t\t<div class=\"elementor-element elementor-element-dd717d1 e-flex e-con-boxed e-con e-parent\" data-id=\"dd717d1\" data-element_type=\"container\" data-e-type=\"container\">\n\t\t\t\t\t<div class=\"e-con-inner\">\n\t\t<div class=\"elementor-element elementor-element-f360fdb e-con-full elementor-hidden-desktop elementor-hidden-tablet elementor-hidden-mobile e-flex e-con e-child\" data-id=\"f360fdb\" data-element_type=\"container\" data-e-type=\"container\">\n\t\t\t\t<div class=\"elementor-element elementor-element-85848d4 elementor-widget elementor-widget-text-editor\" data-id=\"85848d4\" data-element_type=\"widget\" data-e-type=\"widget\" data-widget_type=\"text-editor.default\">\n\t\t\t\t<div class=\"elementor-widget-container\">\n\t\t\t\t\t\t\t\t\t<p style=\"font-size: 31px; text-align: center;\"><span style=\"color: #000000;\"><strong>Otros contenidos de inter\u00e9s<br \/><\/strong><\/span><img decoding=\"async\" class=\"alignnone size-full wp-image-19355 aligncenter\" src=\"https:\/\/www.mednet.com.ar\/wp-content\/uploads\/2024\/01\/mednet-capacitaciones-on-line-medicina-divider.png\" alt=\"\" width=\"150\" height=\"20\" srcset=\"https:\/\/www.mednet.com.ar\/wp-content\/uploads\/2024\/01\/mednet-capacitaciones-on-line-medicina-divider.png 150w, https:\/\/www.mednet.com.ar\/wp-content\/uploads\/2024\/01\/mednet-capacitaciones-on-line-medicina-divider-18x2.png 18w\" sizes=\"(max-width: 150px) 100vw, 150px\" \/><\/p>\t\t\t\t\t\t\t\t<\/div>\n\t\t\t\t<\/div>\n\t\t\t\t<div class=\"elementor-element elementor-element-9b3afd4 elementor-widget elementor-widget-edublink-post\" data-id=\"9b3afd4\" data-element_type=\"widget\" data-e-type=\"widget\" data-widget_type=\"edublink-post.default\">\n\t\t\t\t<div class=\"elementor-widget-container\">\n\t\t\t\t\t<div class=\"eb-slider-wrapper\"><div class=\"eb-blog-post-wrapper eb-post-style-1 eb-post-slider swiper swiper-container swiper-container-initialized\"><div class=\"swiper-wrapper\" data-slidestoshow=\"2\" data-tablet-items=\"2\" data-mobile-items=\"1\" data-small-mobile-items=\"1\" data-speed=\"1000\" data-direction=\"false\" data-autoplay=\"true\" data-autoplayspeed=\"3000\" data-loop=\"true\"><div class=\"eb-post-one-single-slider edublink-slider-item swiper-slide\"><div class=\"edu-blog blog-style-1\"><div class=\"inner\"><div class=\"thumbnail\"><a href=\"https:\/\/www.mednet.com.ar\/en\/jornadas-20-aniversario-curso-de-actualizacion-en-inmunizaciones-a-distancia\/\"><img decoding=\"async\" src=\"https:\/\/www.mednet.com.ar\/wp-content\/uploads\/2026\/04\/jornada-xx-inmunizaciones-590x430.jpg\" alt=\"jornada-xx-inmunizaciones\" \/><\/a><\/div><div class=\"content\"><div class=\"category-wrap\"><a href=\"https:\/\/www.mednet.com.ar\/en\/categoria\/novedades\/\">News<\/a><\/div><h5 class=\"title\"><a href=\"https:\/\/www.mednet.com.ar\/en\/jornadas-20-aniversario-curso-de-actualizacion-en-inmunizaciones-a-distancia\/\">Jornadas de Inmunizaciones 2026 para profesionales de la salud<\/a><\/h5><ul class=\"blog-meta\"><li><i class=\"icon-27\"><\/i>28 de April de 2026<\/li><li><i class=\"icon-28\"><\/i> Com 0<\/li><\/ul><p>Sumate a las Jornadas 20\u00b0 Aniversario por el Curso de Actualizaci\u00f3n en Inmunizaciones a distancia.<\/p>\n<\/div><\/div><\/div><\/div><div class=\"eb-post-one-single-slider edublink-slider-item swiper-slide\"><div class=\"edu-blog blog-style-1\"><div class=\"inner\"><div class=\"thumbnail\"><a href=\"https:\/\/www.mednet.com.ar\/en\/contenido-exclusivo-microbioma-y-acne\/\"><img decoding=\"async\" src=\"https:\/\/www.mednet.com.ar\/wp-content\/uploads\/2026\/04\/thumb-590x430.jpg\" alt=\"imagen clase\" \/><\/a><\/div><div class=\"content\"><div class=\"category-wrap\"><a href=\"https:\/\/www.mednet.com.ar\/en\/categoria\/novedades\/\">News<\/a><\/div><h5 class=\"title\"><a href=\"https:\/\/www.mednet.com.ar\/en\/contenido-exclusivo-microbioma-y-acne\/\">Contenido exclusivo | Microbioma y acn\u00e9<\/a><\/h5><ul class=\"blog-meta\"><li><i class=\"icon-27\"><\/i>22 de April de 2026<\/li><li><i class=\"icon-28\"><\/i> Com 0<\/li><\/ul><p>Un vistazo a c\u00f3mo las redes sociales moldean las decisiones sobre el cuidado de la piel.<\/p>\n<\/div><\/div><\/div><\/div><div class=\"eb-post-one-single-slider edublink-slider-item swiper-slide\"><div class=\"edu-blog blog-style-1\"><div class=\"inner\"><div class=\"thumbnail\"><a href=\"https:\/\/www.mednet.com.ar\/en\/fragmento-skincare-y-redes-sociales\/\"><img decoding=\"async\" src=\"https:\/\/www.mednet.com.ar\/wp-content\/uploads\/2026\/03\/skincare-redes-sociales-590x430.jpg\" alt=\"skincare-redes-sociales\" \/><\/a><\/div><div class=\"content\"><div class=\"category-wrap\"><a href=\"https:\/\/www.mednet.com.ar\/en\/categoria\/novedades\/\">News<\/a><\/div><h5 class=\"title\"><a href=\"https:\/\/www.mednet.com.ar\/en\/fragmento-skincare-y-redes-sociales\/\">Contenido exclusivo | Skincare y redes sociales<\/a><\/h5><ul class=\"blog-meta\"><li><i class=\"icon-27\"><\/i>27 de March de 2026<\/li><li><i class=\"icon-28\"><\/i> Com 0<\/li><\/ul><p>Un vistazo a c\u00f3mo las redes sociales moldean las decisiones sobre el cuidado de la piel.<\/p>\n<\/div><\/div><\/div><\/div><div class=\"eb-post-one-single-slider edublink-slider-item swiper-slide\"><div class=\"edu-blog blog-style-1\"><div class=\"inner\"><div class=\"thumbnail\"><a href=\"https:\/\/www.mednet.com.ar\/en\/presentacion-diplomatura-en-vih\/\"><img decoding=\"async\" src=\"https:\/\/www.mednet.com.ar\/wp-content\/uploads\/2026\/03\/thumb-590x430.jpg\" alt=\"thumb\" \/><\/a><\/div><div class=\"content\"><div class=\"category-wrap\"><a href=\"https:\/\/www.mednet.com.ar\/en\/categoria\/novedades\/\">News<\/a><\/div><h5 class=\"title\"><a href=\"https:\/\/www.mednet.com.ar\/en\/presentacion-diplomatura-en-vih\/\">Presentaci\u00f3n: Diplomatura en VIH 2026<\/a><\/h5><ul class=\"blog-meta\"><li><i class=\"icon-27\"><\/i>18 de March de 2026<\/li><li><i class=\"icon-28\"><\/i> Com 0<\/li><\/ul><p>Actualizaci\u00f3n clave para profesionales de la salud con enfoque pr\u00e1ctico y cl\u00ednico.<\/p>\n<\/div><\/div><\/div><\/div><div class=\"eb-post-one-single-slider edublink-slider-item swiper-slide\"><div class=\"edu-blog blog-style-1\"><div class=\"inner\"><div class=\"thumbnail\"><a href=\"https:\/\/www.mednet.com.ar\/en\/presentacion-curso-desarrollo-infantil\/\"><img decoding=\"async\" src=\"https:\/\/www.mednet.com.ar\/wp-content\/uploads\/2026\/01\/thumb-1-590x430.jpg\" alt=\"persona a c\u00e1mara\" \/><\/a><\/div><div class=\"content\"><div class=\"category-wrap\"><a href=\"https:\/\/www.mednet.com.ar\/en\/categoria\/novedades\/\">News<\/a><\/div><h5 class=\"title\"><a href=\"https:\/\/www.mednet.com.ar\/en\/presentacion-curso-desarrollo-infantil\/\">Presentaci\u00f3n curso Desarrollo infantil: claves para la pr\u00e1ctica pedi\u00e1trica<\/a><\/h5><ul class=\"blog-meta\"><li><i class=\"icon-27\"><\/i>26 de February de 2026<\/li><li><i class=\"icon-28\"><\/i> Com 0<\/li><\/ul><p>Qu\u00e9 observar, c\u00f3mo acompa\u00f1ar y cu\u00e1ndo derivar. Una mirada cl\u00ednica, m\u00e1s all\u00e1 de los hitos.<\/p>\n<\/div><\/div><\/div><\/div><div class=\"eb-post-one-single-slider edublink-slider-item swiper-slide\"><div class=\"edu-blog blog-style-1\"><div class=\"inner\"><div class=\"thumbnail\"><a href=\"https:\/\/www.mednet.com.ar\/en\/cursos-de-diagnostico-por-imagenes-en-pediatria\/\"><img decoding=\"async\" src=\"https:\/\/www.mednet.com.ar\/wp-content\/uploads\/2026\/01\/cursos-imagenes-590x430.jpg\" alt=\"cursos-imagenes\" \/><\/a><\/div><div class=\"content\"><div class=\"category-wrap\"><a href=\"https:\/\/www.mednet.com.ar\/en\/categoria\/novedades\/\">News<\/a><\/div><h5 class=\"title\"><a href=\"https:\/\/www.mednet.com.ar\/en\/cursos-de-diagnostico-por-imagenes-en-pediatria\/\">Cursos de Diagn\u00f3stico por Im\u00e1genes<\/a><\/h5><ul class=\"blog-meta\"><li><i class=\"icon-27\"><\/i>19 de January de 2026<\/li><li><i class=\"icon-28\"><\/i> Com 0<\/li><\/ul><p>Un recorrido formativo para fortalecer tu mirada en Diagn\u00f3stico por Im\u00e1genes en pediatr\u00eda.<\/p>\n<\/div><\/div><\/div><\/div><\/div><\/div><\/div>\t\t\t\t<\/div>\n\t\t\t\t<\/div>\n\t\t\t\t<div class=\"elementor-element elementor-element-5f88309 elementor-widget elementor-widget-spacer\" data-id=\"5f88309\" data-element_type=\"widget\" data-e-type=\"widget\" data-widget_type=\"spacer.default\">\n\t\t\t\t<div class=\"elementor-widget-container\">\n\t\t\t\t\t\t\t<div class=\"elementor-spacer\">\n\t\t\t<div class=\"elementor-spacer-inner\"><\/div>\n\t\t<\/div>\n\t\t\t\t\t\t<\/div>\n\t\t\t\t<\/div>\n\t\t\t\t<\/div>\n\t\t<div class=\"elementor-element elementor-element-06e99c5 e-con-full e-flex e-con e-child\" data-id=\"06e99c5\" data-element_type=\"container\" data-e-type=\"container\" data-settings=\"{&quot;background_background&quot;:&quot;classic&quot;}\">\n\t\t\t\t<\/div>\n\t\t\t\t\t<\/div>\n\t\t\t\t<\/div>\n\t\t\t\t<\/div>","protected":false},"excerpt":{"rendered":"<p>El Dr. Luis Fernando Gentile, la Dra. Lidia Blumenthal y el Dr. Hugo Cozzani te cuentan todo sobre el Curso virtual de Ecograf\u00eda pedi\u00e1trica. <\/p>","protected":false},"author":1,"featured_media":24962,"comment_status":"closed","ping_status":"closed","sticky":false,"template":"","format":"standard","meta":{"_joinchat":[],"footnotes":""},"categories":[197],"tags":[217,218,204,206],"class_list":["post-24961","post","type-post","status-publish","format-standard","has-post-thumbnail","hentry","category-novedades","tag-ecografia-pediatrica","tag-imagenes","tag-medicos","tag-profesionales-de-la-salud"],"yoast_head":"<!-- This site is optimized with the Yoast SEO plugin v27.5 - https:\/\/yoast.com\/product\/yoast-seo-wordpress\/ -->\n<title>Presentaci\u00f3n curso Ecograf\u00eda pedi\u00e1trica - Mednet<\/title>\n<meta name=\"description\" content=\"Obten\u00e9 los conocimientos necesarios para arribar al mejor diagn\u00f3stico a partir de una ecograf\u00eda pedi\u00e1trica.\" \/>\n<meta name=\"robots\" content=\"index, follow, max-snippet:-1, max-image-preview:large, max-video-preview:-1\" \/>\n<link rel=\"canonical\" href=\"https:\/\/www.mednet.com.ar\/en\/presentacion-curso-ecografia-pediatrica\/\" \/>\n<meta property=\"og:locale\" content=\"en_US\" \/>\n<meta property=\"og:type\" content=\"article\" \/>\n<meta property=\"og:title\" content=\"Presentaci\u00f3n curso Ecograf\u00eda pedi\u00e1trica - Mednet\" \/>\n<meta property=\"og:description\" content=\"Obten\u00e9 los conocimientos necesarios para arribar al mejor diagn\u00f3stico a partir de una ecograf\u00eda pedi\u00e1trica.\" \/>\n<meta property=\"og:url\" content=\"https:\/\/www.mednet.com.ar\/en\/presentacion-curso-ecografia-pediatrica\/\" \/>\n<meta property=\"og:site_name\" content=\"Mednet\" \/>\n<meta property=\"article:publisher\" content=\"https:\/\/www.facebook.com\/MedNetla\/\" \/>\n<meta property=\"article:published_time\" content=\"2024-05-29T18:01:17+00:00\" \/>\n<meta property=\"article:modified_time\" content=\"2025-04-29T18:09:53+00:00\" \/>\n<meta property=\"og:image\" content=\"https:\/\/www.mednet.com.ar\/wp-content\/uploads\/2024\/05\/thumb-4.jpg\" \/>\n\t<meta property=\"og:image:width\" content=\"1920\" \/>\n\t<meta property=\"og:image:height\" content=\"1080\" \/>\n\t<meta property=\"og:image:type\" content=\"image\/jpeg\" \/>\n<meta name=\"author\" content=\"Mednet\" \/>\n<meta name=\"twitter:card\" content=\"summary_large_image\" \/>\n<meta name=\"twitter:label1\" content=\"Written by\" \/>\n\t<meta name=\"twitter:data1\" content=\"Mednet\" \/>\n\t<meta name=\"twitter:label2\" content=\"Est. reading time\" \/>\n\t<meta name=\"twitter:data2\" content=\"8 minutes\" \/>\n<script type=\"application\/ld+json\" class=\"yoast-schema-graph\">{\"@context\":\"https:\\\/\\\/schema.org\",\"@graph\":[{\"@type\":\"Article\",\"@id\":\"https:\\\/\\\/www.mednet.com.ar\\\/presentacion-curso-ecografia-pediatrica\\\/#article\",\"isPartOf\":{\"@id\":\"https:\\\/\\\/www.mednet.com.ar\\\/presentacion-curso-ecografia-pediatrica\\\/\"},\"author\":{\"name\":\"Mednet\",\"@id\":\"https:\\\/\\\/www.mednet.com.ar\\\/#\\\/schema\\\/person\\\/4f17eed0aa52c4acb1c2829d4f449195\"},\"headline\":\"Presentaci\u00f3n curso Ecograf\u00eda pedi\u00e1trica\",\"datePublished\":\"2024-05-29T18:01:17+00:00\",\"dateModified\":\"2025-04-29T18:09:53+00:00\",\"mainEntityOfPage\":{\"@id\":\"https:\\\/\\\/www.mednet.com.ar\\\/presentacion-curso-ecografia-pediatrica\\\/\"},\"wordCount\":362,\"publisher\":{\"@id\":\"https:\\\/\\\/www.mednet.com.ar\\\/#organization\"},\"image\":{\"@id\":\"https:\\\/\\\/www.mednet.com.ar\\\/presentacion-curso-ecografia-pediatrica\\\/#primaryimage\"},\"thumbnailUrl\":\"https:\\\/\\\/www.mednet.com.ar\\\/wp-content\\\/uploads\\\/2024\\\/05\\\/thumb-4.jpg\",\"keywords\":[\"ecografia pediatrica\",\"imagenes\",\"medicos\",\"profesionales de la salud\"],\"articleSection\":[\"Novedades\"],\"inLanguage\":\"en-US\"},{\"@type\":\"WebPage\",\"@id\":\"https:\\\/\\\/www.mednet.com.ar\\\/presentacion-curso-ecografia-pediatrica\\\/\",\"url\":\"https:\\\/\\\/www.mednet.com.ar\\\/presentacion-curso-ecografia-pediatrica\\\/\",\"name\":\"Presentaci\u00f3n curso Ecograf\u00eda pedi\u00e1trica - Mednet\",\"isPartOf\":{\"@id\":\"https:\\\/\\\/www.mednet.com.ar\\\/#website\"},\"primaryImageOfPage\":{\"@id\":\"https:\\\/\\\/www.mednet.com.ar\\\/presentacion-curso-ecografia-pediatrica\\\/#primaryimage\"},\"image\":{\"@id\":\"https:\\\/\\\/www.mednet.com.ar\\\/presentacion-curso-ecografia-pediatrica\\\/#primaryimage\"},\"thumbnailUrl\":\"https:\\\/\\\/www.mednet.com.ar\\\/wp-content\\\/uploads\\\/2024\\\/05\\\/thumb-4.jpg\",\"datePublished\":\"2024-05-29T18:01:17+00:00\",\"dateModified\":\"2025-04-29T18:09:53+00:00\",\"description\":\"Obten\u00e9 los conocimientos necesarios para arribar al mejor diagn\u00f3stico a partir de una ecograf\u00eda pedi\u00e1trica.\",\"breadcrumb\":{\"@id\":\"https:\\\/\\\/www.mednet.com.ar\\\/presentacion-curso-ecografia-pediatrica\\\/#breadcrumb\"},\"inLanguage\":\"en-US\",\"potentialAction\":[{\"@type\":\"ReadAction\",\"target\":[\"https:\\\/\\\/www.mednet.com.ar\\\/presentacion-curso-ecografia-pediatrica\\\/\"]}]},{\"@type\":\"ImageObject\",\"inLanguage\":\"en-US\",\"@id\":\"https:\\\/\\\/www.mednet.com.ar\\\/presentacion-curso-ecografia-pediatrica\\\/#primaryimage\",\"url\":\"https:\\\/\\\/www.mednet.com.ar\\\/wp-content\\\/uploads\\\/2024\\\/05\\\/thumb-4.jpg\",\"contentUrl\":\"https:\\\/\\\/www.mednet.com.ar\\\/wp-content\\\/uploads\\\/2024\\\/05\\\/thumb-4.jpg\",\"width\":1920,\"height\":1080,\"caption\":\"Presentaci\u00f3n curso Ecograf\u00eda pedi\u00e1trica\"},{\"@type\":\"BreadcrumbList\",\"@id\":\"https:\\\/\\\/www.mednet.com.ar\\\/presentacion-curso-ecografia-pediatrica\\\/#breadcrumb\",\"itemListElement\":[{\"@type\":\"ListItem\",\"position\":1,\"name\":\"Portada\",\"item\":\"https:\\\/\\\/www.mednet.com.ar\\\/\"},{\"@type\":\"ListItem\",\"position\":2,\"name\":\"Presentaci\u00f3n curso Ecograf\u00eda pedi\u00e1trica\"}]},{\"@type\":\"WebSite\",\"@id\":\"https:\\\/\\\/www.mednet.com.ar\\\/#website\",\"url\":\"https:\\\/\\\/www.mednet.com.ar\\\/\",\"name\":\"Mednet\",\"description\":\"Capacitaciones Online\",\"publisher\":{\"@id\":\"https:\\\/\\\/www.mednet.com.ar\\\/#organization\"},\"potentialAction\":[{\"@type\":\"SearchAction\",\"target\":{\"@type\":\"EntryPoint\",\"urlTemplate\":\"https:\\\/\\\/www.mednet.com.ar\\\/?s={search_term_string}\"},\"query-input\":{\"@type\":\"PropertyValueSpecification\",\"valueRequired\":true,\"valueName\":\"search_term_string\"}}],\"inLanguage\":\"en-US\"},{\"@type\":\"Organization\",\"@id\":\"https:\\\/\\\/www.mednet.com.ar\\\/#organization\",\"name\":\"Mednet\",\"url\":\"https:\\\/\\\/www.mednet.com.ar\\\/\",\"logo\":{\"@type\":\"ImageObject\",\"inLanguage\":\"en-US\",\"@id\":\"https:\\\/\\\/www.mednet.com.ar\\\/#\\\/schema\\\/logo\\\/image\\\/\",\"url\":\"https:\\\/\\\/www.mednet.com.ar\\\/wp-content\\\/uploads\\\/2025\\\/02\\\/cropped-logo-mednet-capacitaciones-online-rb.png\",\"contentUrl\":\"https:\\\/\\\/www.mednet.com.ar\\\/wp-content\\\/uploads\\\/2025\\\/02\\\/cropped-logo-mednet-capacitaciones-online-rb.png\",\"width\":376,\"height\":150,\"caption\":\"Mednet\"},\"image\":{\"@id\":\"https:\\\/\\\/www.mednet.com.ar\\\/#\\\/schema\\\/logo\\\/image\\\/\"},\"sameAs\":[\"https:\\\/\\\/www.facebook.com\\\/MedNetla\\\/\",\"https:\\\/\\\/www.instagram.com\\\/mednetla\\\/\",\"https:\\\/\\\/ar.linkedin.com\\\/company\\\/mednet-capacitaciones-online\"]},{\"@type\":\"Person\",\"@id\":\"https:\\\/\\\/www.mednet.com.ar\\\/#\\\/schema\\\/person\\\/4f17eed0aa52c4acb1c2829d4f449195\",\"name\":\"Mednet\",\"image\":{\"@type\":\"ImageObject\",\"inLanguage\":\"en-US\",\"@id\":\"https:\\\/\\\/secure.gravatar.com\\\/avatar\\\/d3052946cffb23cf6c63213ceb4d1e38ee436c5212129930b33405ed9ab49486?s=96&d=mm&r=g\",\"url\":\"https:\\\/\\\/secure.gravatar.com\\\/avatar\\\/d3052946cffb23cf6c63213ceb4d1e38ee436c5212129930b33405ed9ab49486?s=96&d=mm&r=g\",\"contentUrl\":\"https:\\\/\\\/secure.gravatar.com\\\/avatar\\\/d3052946cffb23cf6c63213ceb4d1e38ee436c5212129930b33405ed9ab49486?s=96&d=mm&r=g\",\"caption\":\"Mednet\"},\"sameAs\":[\"https:\\\/\\\/www.mednet.com.ar\"],\"url\":\"https:\\\/\\\/www.mednet.com.ar\\\/en\\\/author\\\/mednetwp\\\/\"}]}<\/script>\n<!-- \/ Yoast SEO plugin. -->","yoast_head_json":{"title":"Presentaci\u00f3n curso Ecograf\u00eda pedi\u00e1trica - Mednet","description":"Obten\u00e9 los conocimientos necesarios para arribar al mejor diagn\u00f3stico a partir de una ecograf\u00eda pedi\u00e1trica.","robots":{"index":"index","follow":"follow","max-snippet":"max-snippet:-1","max-image-preview":"max-image-preview:large","max-video-preview":"max-video-preview:-1"},"canonical":"https:\/\/www.mednet.com.ar\/en\/presentacion-curso-ecografia-pediatrica\/","og_locale":"en_US","og_type":"article","og_title":"Presentaci\u00f3n curso Ecograf\u00eda pedi\u00e1trica - Mednet","og_description":"Obten\u00e9 los conocimientos necesarios para arribar al mejor diagn\u00f3stico a partir de una ecograf\u00eda pedi\u00e1trica.","og_url":"https:\/\/www.mednet.com.ar\/en\/presentacion-curso-ecografia-pediatrica\/","og_site_name":"Mednet","article_publisher":"https:\/\/www.facebook.com\/MedNetla\/","article_published_time":"2024-05-29T18:01:17+00:00","article_modified_time":"2025-04-29T18:09:53+00:00","og_image":[{"width":1920,"height":1080,"url":"https:\/\/www.mednet.com.ar\/wp-content\/uploads\/2024\/05\/thumb-4.jpg","type":"image\/jpeg"}],"author":"Mednet","twitter_card":"summary_large_image","twitter_misc":{"Written by":"Mednet","Est. reading time":"8 minutes"},"schema":{"@context":"https:\/\/schema.org","@graph":[{"@type":"Article","@id":"https:\/\/www.mednet.com.ar\/presentacion-curso-ecografia-pediatrica\/#article","isPartOf":{"@id":"https:\/\/www.mednet.com.ar\/presentacion-curso-ecografia-pediatrica\/"},"author":{"name":"Mednet","@id":"https:\/\/www.mednet.com.ar\/#\/schema\/person\/4f17eed0aa52c4acb1c2829d4f449195"},"headline":"Presentaci\u00f3n curso Ecograf\u00eda pedi\u00e1trica","datePublished":"2024-05-29T18:01:17+00:00","dateModified":"2025-04-29T18:09:53+00:00","mainEntityOfPage":{"@id":"https:\/\/www.mednet.com.ar\/presentacion-curso-ecografia-pediatrica\/"},"wordCount":362,"publisher":{"@id":"https:\/\/www.mednet.com.ar\/#organization"},"image":{"@id":"https:\/\/www.mednet.com.ar\/presentacion-curso-ecografia-pediatrica\/#primaryimage"},"thumbnailUrl":"https:\/\/www.mednet.com.ar\/wp-content\/uploads\/2024\/05\/thumb-4.jpg","keywords":["ecografia pediatrica","imagenes","medicos","profesionales de la salud"],"articleSection":["Novedades"],"inLanguage":"en-US"},{"@type":"WebPage","@id":"https:\/\/www.mednet.com.ar\/presentacion-curso-ecografia-pediatrica\/","url":"https:\/\/www.mednet.com.ar\/presentacion-curso-ecografia-pediatrica\/","name":"Presentaci\u00f3n curso Ecograf\u00eda pedi\u00e1trica - Mednet","isPartOf":{"@id":"https:\/\/www.mednet.com.ar\/#website"},"primaryImageOfPage":{"@id":"https:\/\/www.mednet.com.ar\/presentacion-curso-ecografia-pediatrica\/#primaryimage"},"image":{"@id":"https:\/\/www.mednet.com.ar\/presentacion-curso-ecografia-pediatrica\/#primaryimage"},"thumbnailUrl":"https:\/\/www.mednet.com.ar\/wp-content\/uploads\/2024\/05\/thumb-4.jpg","datePublished":"2024-05-29T18:01:17+00:00","dateModified":"2025-04-29T18:09:53+00:00","description":"Obten\u00e9 los conocimientos necesarios para arribar al mejor diagn\u00f3stico a partir de una ecograf\u00eda pedi\u00e1trica.","breadcrumb":{"@id":"https:\/\/www.mednet.com.ar\/presentacion-curso-ecografia-pediatrica\/#breadcrumb"},"inLanguage":"en-US","potentialAction":[{"@type":"ReadAction","target":["https:\/\/www.mednet.com.ar\/presentacion-curso-ecografia-pediatrica\/"]}]},{"@type":"ImageObject","inLanguage":"en-US","@id":"https:\/\/www.mednet.com.ar\/presentacion-curso-ecografia-pediatrica\/#primaryimage","url":"https:\/\/www.mednet.com.ar\/wp-content\/uploads\/2024\/05\/thumb-4.jpg","contentUrl":"https:\/\/www.mednet.com.ar\/wp-content\/uploads\/2024\/05\/thumb-4.jpg","width":1920,"height":1080,"caption":"Presentaci\u00f3n curso Ecograf\u00eda pedi\u00e1trica"},{"@type":"BreadcrumbList","@id":"https:\/\/www.mednet.com.ar\/presentacion-curso-ecografia-pediatrica\/#breadcrumb","itemListElement":[{"@type":"ListItem","position":1,"name":"Portada","item":"https:\/\/www.mednet.com.ar\/"},{"@type":"ListItem","position":2,"name":"Presentaci\u00f3n curso Ecograf\u00eda pedi\u00e1trica"}]},{"@type":"WebSite","@id":"https:\/\/www.mednet.com.ar\/#website","url":"https:\/\/www.mednet.com.ar\/","name":"Mednet","description":"Capacitaciones Online","publisher":{"@id":"https:\/\/www.mednet.com.ar\/#organization"},"potentialAction":[{"@type":"SearchAction","target":{"@type":"EntryPoint","urlTemplate":"https:\/\/www.mednet.com.ar\/?s={search_term_string}"},"query-input":{"@type":"PropertyValueSpecification","valueRequired":true,"valueName":"search_term_string"}}],"inLanguage":"en-US"},{"@type":"Organization","@id":"https:\/\/www.mednet.com.ar\/#organization","name":"Mednet","url":"https:\/\/www.mednet.com.ar\/","logo":{"@type":"ImageObject","inLanguage":"en-US","@id":"https:\/\/www.mednet.com.ar\/#\/schema\/logo\/image\/","url":"https:\/\/www.mednet.com.ar\/wp-content\/uploads\/2025\/02\/cropped-logo-mednet-capacitaciones-online-rb.png","contentUrl":"https:\/\/www.mednet.com.ar\/wp-content\/uploads\/2025\/02\/cropped-logo-mednet-capacitaciones-online-rb.png","width":376,"height":150,"caption":"Mednet"},"image":{"@id":"https:\/\/www.mednet.com.ar\/#\/schema\/logo\/image\/"},"sameAs":["https:\/\/www.facebook.com\/MedNetla\/","https:\/\/www.instagram.com\/mednetla\/","https:\/\/ar.linkedin.com\/company\/mednet-capacitaciones-online"]},{"@type":"Person","@id":"https:\/\/www.mednet.com.ar\/#\/schema\/person\/4f17eed0aa52c4acb1c2829d4f449195","name":"Mednet","image":{"@type":"ImageObject","inLanguage":"en-US","@id":"https:\/\/secure.gravatar.com\/avatar\/d3052946cffb23cf6c63213ceb4d1e38ee436c5212129930b33405ed9ab49486?s=96&d=mm&r=g","url":"https:\/\/secure.gravatar.com\/avatar\/d3052946cffb23cf6c63213ceb4d1e38ee436c5212129930b33405ed9ab49486?s=96&d=mm&r=g","contentUrl":"https:\/\/secure.gravatar.com\/avatar\/d3052946cffb23cf6c63213ceb4d1e38ee436c5212129930b33405ed9ab49486?s=96&d=mm&r=g","caption":"Mednet"},"sameAs":["https:\/\/www.mednet.com.ar"],"url":"https:\/\/www.mednet.com.ar\/en\/author\/mednetwp\/"}]}},"_links":{"self":[{"href":"https:\/\/www.mednet.com.ar\/en\/wp-json\/wp\/v2\/posts\/24961","targetHints":{"allow":["GET"]}}],"collection":[{"href":"https:\/\/www.mednet.com.ar\/en\/wp-json\/wp\/v2\/posts"}],"about":[{"href":"https:\/\/www.mednet.com.ar\/en\/wp-json\/wp\/v2\/types\/post"}],"author":[{"embeddable":true,"href":"https:\/\/www.mednet.com.ar\/en\/wp-json\/wp\/v2\/users\/1"}],"replies":[{"embeddable":true,"href":"https:\/\/www.mednet.com.ar\/en\/wp-json\/wp\/v2\/comments?post=24961"}],"version-history":[{"count":22,"href":"https:\/\/www.mednet.com.ar\/en\/wp-json\/wp\/v2\/posts\/24961\/revisions"}],"predecessor-version":[{"id":30289,"href":"https:\/\/www.mednet.com.ar\/en\/wp-json\/wp\/v2\/posts\/24961\/revisions\/30289"}],"wp:featuredmedia":[{"embeddable":true,"href":"https:\/\/www.mednet.com.ar\/en\/wp-json\/wp\/v2\/media\/24962"}],"wp:attachment":[{"href":"https:\/\/www.mednet.com.ar\/en\/wp-json\/wp\/v2\/media?parent=24961"}],"wp:term":[{"taxonomy":"category","embeddable":true,"href":"https:\/\/www.mednet.com.ar\/en\/wp-json\/wp\/v2\/categories?post=24961"},{"taxonomy":"post_tag","embeddable":true,"href":"https:\/\/www.mednet.com.ar\/en\/wp-json\/wp\/v2\/tags?post=24961"}],"curies":[{"name":"wp","href":"https:\/\/api.w.org\/{rel}","templated":true}]}}