{"id":31772,"date":"2025-07-08T09:37:54","date_gmt":"2025-07-08T12:37:54","guid":{"rendered":"https:\/\/www.mednet.com.ar\/?p=31772"},"modified":"2026-01-27T18:37:43","modified_gmt":"2026-01-27T21:37:43","slug":"webinar-genetica-familiar","status":"publish","type":"post","link":"https:\/\/www.mednet.com.ar\/en\/webinar-genetica-familiar\/","title":{"rendered":"WEBINAR | La gen\u00e9tica familiar y su influencia en el c\u00e1ncer"},"content":{"rendered":"<div data-elementor-type=\"wp-post\" data-elementor-id=\"31772\" class=\"elementor elementor-31772\">\n\t\t\t\t<div class=\"elementor-element elementor-element-8235e91 e-flex e-con-boxed e-con e-parent\" data-id=\"8235e91\" data-element_type=\"container\" data-e-type=\"container\">\n\t\t\t\t\t<div class=\"e-con-inner\">\n\t\t<div class=\"elementor-element elementor-element-d22a395 e-con-full e-flex e-con e-child\" data-id=\"d22a395\" data-element_type=\"container\" data-e-type=\"container\">\n\t\t\t\t<div class=\"elementor-element elementor-element-c3f40e3 seccion-inicial elementor-widget elementor-widget-text-editor\" data-id=\"c3f40e3\" data-element_type=\"widget\" data-e-type=\"widget\" data-widget_type=\"text-editor.default\">\n\t\t\t\t<div class=\"elementor-widget-container\">\n\t\t\t\t\t\t\t\t\t<p>Te invitamos a ver el segundo encuentro del Ciclo de Webinars<strong> &#8220;Gen\u00e9tica y Gen\u00f3mica hoy&#8221; <\/strong>de la mano de la <strong>Dra. Lina N\u00fa\u00f1ez.<\/strong> Esta vez, conversamos sobre la gen\u00e9tica familiar y su influencia en el c\u00e1ncer, abordando las bases cl\u00ednicas y moleculares de los tumores hereditarios, el rol del asesoramiento gen\u00e9tico en oncolog\u00eda y las implicancias individuales y familiares.<\/p><p><strong>\u00a1No te lo pierdas!<\/strong><\/p>\t\t\t\t\t\t\t\t<\/div>\n\t\t\t\t<\/div>\n\t\t\t\t<div class=\"elementor-element elementor-element-0f9eda6 sg-popup-id-27044 elementor-widget elementor-widget-image\" data-id=\"0f9eda6\" data-element_type=\"widget\" data-e-type=\"widget\" data-widget_type=\"image.default\">\n\t\t\t\t<div class=\"elementor-widget-container\">\n\t\t\t\t\t\t\t\t\t\t\t\t\t\t\t<img fetchpriority=\"high\" decoding=\"async\" width=\"640\" height=\"334\" src=\"https:\/\/www.mednet.com.ar\/wp-content\/uploads\/2025\/07\/lead-magnet-blur-image-768x401-1.jpg\" class=\"attachment-large size-large wp-image-31736\" alt=\"\" srcset=\"https:\/\/www.mednet.com.ar\/wp-content\/uploads\/2025\/07\/lead-magnet-blur-image-768x401-1.jpg 768w, https:\/\/www.mednet.com.ar\/wp-content\/uploads\/2025\/07\/lead-magnet-blur-image-768x401-1-300x157.jpg 300w, https:\/\/www.mednet.com.ar\/wp-content\/uploads\/2025\/07\/lead-magnet-blur-image-768x401-1-18x9.jpg 18w\" sizes=\"(max-width: 640px) 100vw, 640px\" \/>\t\t\t\t\t\t\t\t\t\t\t\t\t\t\t<\/div>\n\t\t\t\t<\/div>\n\t\t\t\t<div class=\"elementor-element elementor-element-d758678 seccion-contenido elementor-widget elementor-widget-html\" data-id=\"d758678\" data-element_type=\"widget\" data-e-type=\"widget\" data-widget_type=\"html.default\">\n\t\t\t\t<div class=\"elementor-widget-container\">\n\t\t\t\t\t<div style=\"padding:56.25% 0 0 0;position:relative;\"><iframe src=\"https:\/\/player.vimeo.com\/video\/1099670662?badge=0&amp;autopause=0&amp;player_id=0&amp;app_id=58479\" frameborder=\"0\" allow=\"autoplay; fullscreen; picture-in-picture; clipboard-write; encrypted-media; web-share\" style=\"position:absolute;top:0;left:0;width:100%;height:100%;\" title=\"Webinar Gen\u00e9tica y Gen\u00f3mica hoy: La gen\u00e9tica familiar y su influencia en el c\u00e1ncer\"><\/iframe><\/div><script src=\"https:\/\/player.vimeo.com\/api\/player.js\"><\/script>\t\t\t\t<\/div>\n\t\t\t\t<\/div>\n\t\t<div class=\"elementor-element elementor-element-47e520a e-con-full e-grid elementor-hidden-desktop elementor-hidden-tablet elementor-hidden-mobile e-con e-child\" data-id=\"47e520a\" data-element_type=\"container\" data-e-type=\"container\">\n\t\t\t\t<div class=\"elementor-element elementor-element-1199690 elementor-widget elementor-widget-edublink-video-popup\" data-id=\"1199690\" data-element_type=\"widget\" data-e-type=\"widget\" data-widget_type=\"edublink-video-popup.default\">\n\t\t\t\t<div class=\"elementor-widget-container\">\n\t\t\t\t\t<div class=\"edublink-video-popup-wrapper edublink-video-popup-animation-continious edublink-video-popup-continious-type-custom-ripple-color edublink-video-popup-bg-enable\" style=\"background-image: url(https:\/\/www.mednet.com.ar\/wp-content\/uploads\/2024\/04\/entrevista_dengue_vacunacion.webp)\"><div class=\"edublink-video-popup-content\"><a class=\"edublink-video-popup-icon\" href=\"https:\/\/vimeo.com\/933374175\"><svg aria-hidden=\"true\" class=\"e-font-icon-svg e-fas-play\" viewbox=\"0 0 448 512\" xmlns=\"http:\/\/www.w3.org\/2000\/svg\"><path d=\"M424.4 214.7L72.4 6.6C43.8-10.3 0 6.1 0 47.9V464c0 37.5 40.7 60.1 72.4 41.3l352-208c31.4-18.5 31.5-64.1 0-82.6z\"><\/path><\/svg><\/a><\/div><\/div>\t\t\t\t<\/div>\n\t\t\t\t<\/div>\n\t\t\t\t<div class=\"elementor-element elementor-element-d392cd0 elementor-widget elementor-widget-edublink-video-popup\" data-id=\"d392cd0\" data-element_type=\"widget\" data-e-type=\"widget\" data-widget_type=\"edublink-video-popup.default\">\n\t\t\t\t<div class=\"elementor-widget-container\">\n\t\t\t\t\t<div class=\"edublink-video-popup-wrapper edublink-video-popup-animation-continious edublink-video-popup-continious-type-custom-ripple-color edublink-video-popup-bg-enable\" style=\"background-image: url(https:\/\/www.mednet.com.ar\/wp-content\/uploads\/2024\/04\/entrevista_dengue_vacunacion.webp)\"><div class=\"edublink-video-popup-content\"><a class=\"edublink-video-popup-icon\" href=\"https:\/\/vimeo.com\/933374175\"><svg aria-hidden=\"true\" class=\"e-font-icon-svg e-fas-play\" viewbox=\"0 0 448 512\" xmlns=\"http:\/\/www.w3.org\/2000\/svg\"><path d=\"M424.4 214.7L72.4 6.6C43.8-10.3 0 6.1 0 47.9V464c0 37.5 40.7 60.1 72.4 41.3l352-208c31.4-18.5 31.5-64.1 0-82.6z\"><\/path><\/svg><\/a><\/div><\/div>\t\t\t\t<\/div>\n\t\t\t\t<\/div>\n\t\t\t\t<\/div>\n\t\t\t\t<div class=\"elementor-element elementor-element-65745b4 elementor-widget elementor-widget-spacer\" data-id=\"65745b4\" data-element_type=\"widget\" data-e-type=\"widget\" data-widget_type=\"spacer.default\">\n\t\t\t\t<div class=\"elementor-widget-container\">\n\t\t\t\t\t\t\t<div class=\"elementor-spacer\">\n\t\t\t<div class=\"elementor-spacer-inner\"><\/div>\n\t\t<\/div>\n\t\t\t\t\t\t<\/div>\n\t\t\t\t<\/div>\n\t\t\t\t<div class=\"elementor-element elementor-element-a38094a elementor-widget elementor-widget-text-editor\" data-id=\"a38094a\" data-element_type=\"widget\" data-e-type=\"widget\" data-widget_type=\"text-editor.default\">\n\t\t\t\t<div class=\"elementor-widget-container\">\n\t\t\t\t\t\t\t\t\t<h5 style=\"font-size: 31px; text-align: center;\"><span style=\"color: #000000;\"><strong>Cursos relacionados<br \/><\/strong><\/span><\/h5>\t\t\t\t\t\t\t\t<\/div>\n\t\t\t\t<\/div>\n\t\t<div class=\"elementor-element elementor-element-0049cfc e-con-full e-grid e-con e-child\" data-id=\"0049cfc\" data-element_type=\"container\" data-e-type=\"container\">\n\t\t\t\t<div class=\"elementor-element elementor-element-361e656 elementor-widget elementor-widget-edublink-lp-courses\" data-id=\"361e656\" data-element_type=\"widget\" data-e-type=\"widget\" data-widget_type=\"edublink-lp-courses.default\">\n\t\t\t\t<div class=\"elementor-widget-container\">\n\t\t\t\t\t<div class=\"edublink-course-widget-wrapper\"><div class=\"edublink-archive-lp-courses edublink-course-archive edublink-lms-courses-grid edublink-row\">            <div id=\"post-30370\" class=\"edublink-course-style-2 edublink-course-2-grid-item edublink-col-lg-6 edublink-col-md-6 edublink-col-sm-12 post-30370 lp_course type-lp_course status-publish has-post-thumbnail hentry course_category-herramientas-practicas course_tag-capacitacion-online course_tag-curso-medicina course_tag-curso-online course_tag-curso-virtual course_tag-cursos course_tag-cursos-online course_tag-cursos-para-pediatras course_tag-endocrinologia-pediatrica course_tag-genetica course_tag-genomica course_tag-medicina-online course_tag-mednet-cursos course_tag-pediatria course_tag-profesionales-de-la-salud course\"   data-sal>\n            <div class=\"edublink-single-course course-style-2\"><div class=\"inner\"><div class=\"thumbnail\"><a class=\"course-thumb\" href=\"https:\/\/www.mednet.com.ar\/en\/cursos\/genetica-y-genomica-clinica\/\"><img decoding=\"async\" class=\"w-100\" src=\"https:\/\/www.mednet.com.ar\/wp-content\/uploads\/2025\/05\/genetica_genomica-590x430.webp\" alt=\"dibujo de un adn\"><\/a><div class=\"time-top\"><span class=\"duration\"><i class=\"icon-61\"><\/i>Online<\/span><\/div><\/div><div class=\"content\"><span class=\"course-level\"><a href=\"https:\/\/www.mednet.com.ar\/en\/categoria-de-curso\/herramientas-practicas\/\">Practical tools<\/a><\/span><h6 class=\"title\"><a href=\"https:\/\/www.mednet.com.ar\/en\/cursos\/genetica-y-genomica-clinica\/\">Fundamentos de gen\u00e9tica y gen\u00f3mica cl\u00ednica para profesionales de la salud<\/a><\/h6><p>Aplic\u00e1 eficazmente los avances en gen\u00e9tica y salud y mejor\u00e1 la atenci\u00f3n de tus pacientes.<\/p>\n<div class=\"read-more-btn\"><a class=\"edu-btn btn-small btn-secondary\" href=\"https:\/\/www.mednet.com.ar\/en\/cursos\/genetica-y-genomica-clinica\/\">More information<i class=\"icon-4\"><\/i><\/a><\/div><\/div><\/div><\/div><\/div><\/div><\/div>\t\t\t\t<\/div>\n\t\t\t\t<\/div>\n\t\t\t\t<\/div>\n\t\t\t\t<\/div>\n\t\t<div class=\"elementor-element elementor-element-61ec7a3 e-con-full e-flex e-con e-child\" data-id=\"61ec7a3\" data-element_type=\"container\" data-e-type=\"container\">\n\t\t\t\t<\/div>\n\t\t\t\t\t<\/div>\n\t\t\t\t<\/div>\n\t\t\t\t<\/div>","protected":false},"excerpt":{"rendered":"<p>Miralo aqu\u00ed<\/p>","protected":false},"author":1,"featured_media":31567,"comment_status":"closed","ping_status":"closed","sticky":false,"template":"","format":"standard","meta":{"_joinchat":[],"footnotes":""},"categories":[197],"tags":[],"class_list":["post-31772","post","type-post","status-publish","format-standard","has-post-thumbnail","hentry","category-novedades"],"yoast_head":"<!-- This site is optimized with the Yoast SEO plugin v27.5 - https:\/\/yoast.com\/product\/yoast-seo-wordpress\/ -->\n<title>WEBINAR | La gen\u00e9tica familiar y su influencia en el c\u00e1ncer - Mednet<\/title>\n<meta name=\"description\" content=\"Mir\u00e1 el segundo encuentro del ciclo de la mano de la Dra. Lina N\u00fa\u00f1ez donde conversamos sobre gen\u00e9tica familiar y su influencia en el c\u00e1ncer.\" \/>\n<meta name=\"robots\" content=\"index, follow, max-snippet:-1, max-image-preview:large, max-video-preview:-1\" \/>\n<link rel=\"canonical\" href=\"https:\/\/www.mednet.com.ar\/en\/webinar-genetica-familiar\/\" \/>\n<meta property=\"og:locale\" content=\"en_US\" \/>\n<meta property=\"og:type\" content=\"article\" \/>\n<meta property=\"og:title\" content=\"Gen\u00e9tica y Gen\u00f3mica hoy: La gen\u00e9tica familiar y su influencia en el c\u00e1ncer\" \/>\n<meta property=\"og:description\" content=\"Te invitamos a ver un fragmento del segundo encuentro del Ciclo de Webinars &quot;Gen\u00e9tica y Gen\u00f3mica hoy&quot; donde se abordaron las bases cl\u00ednicas y moleculares de los tumores hereditarios, el rol del asesoramiento gen\u00e9tico en oncolog\u00eda y las implicancias individuales y familiares.\" \/>\n<meta property=\"og:url\" content=\"https:\/\/www.mednet.com.ar\/en\/webinar-genetica-familiar\/\" \/>\n<meta property=\"og:site_name\" content=\"Mednet\" \/>\n<meta property=\"article:publisher\" content=\"https:\/\/www.facebook.com\/MedNetla\/\" \/>\n<meta property=\"article:published_time\" content=\"2025-07-08T12:37:54+00:00\" \/>\n<meta property=\"article:modified_time\" content=\"2026-01-27T21:37:43+00:00\" \/>\n<meta property=\"og:image\" content=\"https:\/\/www.mednet.com.ar\/wp-content\/uploads\/2025\/05\/genetica_genomica.webp\" \/>\n\t<meta property=\"og:image:width\" content=\"1200\" \/>\n\t<meta property=\"og:image:height\" content=\"800\" \/>\n\t<meta property=\"og:image:type\" content=\"image\/webp\" \/>\n<meta name=\"author\" content=\"Mednet\" \/>\n<meta name=\"twitter:card\" content=\"summary_large_image\" \/>\n<meta name=\"twitter:title\" content=\"Lesiones cut\u00e1neas en pacientes trasplantados\" \/>\n<meta name=\"twitter:description\" content=\"Te invitamos a ver un fragmento del primer encuentro sincr\u00f3nico del curso Presente y futuro de las Infecciones en Trasplante de \u00d3rgano S\u00f3lido, donde se abord\u00f3 un tema clave: las lesiones cut\u00e1neas en pacientes trasplantados.\" \/>\n<meta name=\"twitter:image\" content=\"https:\/\/www.mednet.com.ar\/wp-content\/uploads\/2024\/12\/TOS.webp\" \/>\n<meta name=\"twitter:label1\" content=\"Written by\" \/>\n\t<meta name=\"twitter:data1\" content=\"Mednet\" \/>\n\t<meta name=\"twitter:label2\" content=\"Est. reading time\" \/>\n\t<meta name=\"twitter:data2\" content=\"1 minute\" \/>\n<script type=\"application\/ld+json\" class=\"yoast-schema-graph\">{\"@context\":\"https:\\\/\\\/schema.org\",\"@graph\":[{\"@type\":\"Article\",\"@id\":\"https:\\\/\\\/www.mednet.com.ar\\\/webinar-genetica-familiar\\\/#article\",\"isPartOf\":{\"@id\":\"https:\\\/\\\/www.mednet.com.ar\\\/webinar-genetica-familiar\\\/\"},\"author\":{\"name\":\"Mednet\",\"@id\":\"https:\\\/\\\/www.mednet.com.ar\\\/#\\\/schema\\\/person\\\/4f17eed0aa52c4acb1c2829d4f449195\"},\"headline\":\"WEBINAR | La gen\u00e9tica familiar y su influencia en el c\u00e1ncer\",\"datePublished\":\"2025-07-08T12:37:54+00:00\",\"dateModified\":\"2026-01-27T21:37:43+00:00\",\"mainEntityOfPage\":{\"@id\":\"https:\\\/\\\/www.mednet.com.ar\\\/webinar-genetica-familiar\\\/\"},\"wordCount\":123,\"publisher\":{\"@id\":\"https:\\\/\\\/www.mednet.com.ar\\\/#organization\"},\"image\":{\"@id\":\"https:\\\/\\\/www.mednet.com.ar\\\/webinar-genetica-familiar\\\/#primaryimage\"},\"thumbnailUrl\":\"https:\\\/\\\/www.mednet.com.ar\\\/wp-content\\\/uploads\\\/2025\\\/05\\\/genetica_genomica.webp\",\"articleSection\":[\"Novedades\"],\"inLanguage\":\"en-US\"},{\"@type\":\"WebPage\",\"@id\":\"https:\\\/\\\/www.mednet.com.ar\\\/webinar-genetica-familiar\\\/\",\"url\":\"https:\\\/\\\/www.mednet.com.ar\\\/webinar-genetica-familiar\\\/\",\"name\":\"WEBINAR | La gen\u00e9tica familiar y su influencia en el c\u00e1ncer - Mednet\",\"isPartOf\":{\"@id\":\"https:\\\/\\\/www.mednet.com.ar\\\/#website\"},\"primaryImageOfPage\":{\"@id\":\"https:\\\/\\\/www.mednet.com.ar\\\/webinar-genetica-familiar\\\/#primaryimage\"},\"image\":{\"@id\":\"https:\\\/\\\/www.mednet.com.ar\\\/webinar-genetica-familiar\\\/#primaryimage\"},\"thumbnailUrl\":\"https:\\\/\\\/www.mednet.com.ar\\\/wp-content\\\/uploads\\\/2025\\\/05\\\/genetica_genomica.webp\",\"datePublished\":\"2025-07-08T12:37:54+00:00\",\"dateModified\":\"2026-01-27T21:37:43+00:00\",\"description\":\"Mir\u00e1 el segundo encuentro del ciclo de la mano de la Dra. Lina N\u00fa\u00f1ez donde conversamos sobre gen\u00e9tica familiar y su influencia en el c\u00e1ncer.\",\"breadcrumb\":{\"@id\":\"https:\\\/\\\/www.mednet.com.ar\\\/webinar-genetica-familiar\\\/#breadcrumb\"},\"inLanguage\":\"en-US\",\"potentialAction\":[{\"@type\":\"ReadAction\",\"target\":[\"https:\\\/\\\/www.mednet.com.ar\\\/webinar-genetica-familiar\\\/\"]}]},{\"@type\":\"ImageObject\",\"inLanguage\":\"en-US\",\"@id\":\"https:\\\/\\\/www.mednet.com.ar\\\/webinar-genetica-familiar\\\/#primaryimage\",\"url\":\"https:\\\/\\\/www.mednet.com.ar\\\/wp-content\\\/uploads\\\/2025\\\/05\\\/genetica_genomica.webp\",\"contentUrl\":\"https:\\\/\\\/www.mednet.com.ar\\\/wp-content\\\/uploads\\\/2025\\\/05\\\/genetica_genomica.webp\",\"width\":1200,\"height\":800,\"caption\":\"dibujo de un adn\"},{\"@type\":\"BreadcrumbList\",\"@id\":\"https:\\\/\\\/www.mednet.com.ar\\\/webinar-genetica-familiar\\\/#breadcrumb\",\"itemListElement\":[{\"@type\":\"ListItem\",\"position\":1,\"name\":\"Portada\",\"item\":\"https:\\\/\\\/www.mednet.com.ar\\\/\"},{\"@type\":\"ListItem\",\"position\":2,\"name\":\"WEBINAR | La gen\u00e9tica familiar y su influencia en el c\u00e1ncer\"}]},{\"@type\":\"WebSite\",\"@id\":\"https:\\\/\\\/www.mednet.com.ar\\\/#website\",\"url\":\"https:\\\/\\\/www.mednet.com.ar\\\/\",\"name\":\"Mednet\",\"description\":\"Capacitaciones Online\",\"publisher\":{\"@id\":\"https:\\\/\\\/www.mednet.com.ar\\\/#organization\"},\"potentialAction\":[{\"@type\":\"SearchAction\",\"target\":{\"@type\":\"EntryPoint\",\"urlTemplate\":\"https:\\\/\\\/www.mednet.com.ar\\\/?s={search_term_string}\"},\"query-input\":{\"@type\":\"PropertyValueSpecification\",\"valueRequired\":true,\"valueName\":\"search_term_string\"}}],\"inLanguage\":\"en-US\"},{\"@type\":\"Organization\",\"@id\":\"https:\\\/\\\/www.mednet.com.ar\\\/#organization\",\"name\":\"Mednet\",\"url\":\"https:\\\/\\\/www.mednet.com.ar\\\/\",\"logo\":{\"@type\":\"ImageObject\",\"inLanguage\":\"en-US\",\"@id\":\"https:\\\/\\\/www.mednet.com.ar\\\/#\\\/schema\\\/logo\\\/image\\\/\",\"url\":\"https:\\\/\\\/www.mednet.com.ar\\\/wp-content\\\/uploads\\\/2025\\\/02\\\/cropped-logo-mednet-capacitaciones-online-rb.png\",\"contentUrl\":\"https:\\\/\\\/www.mednet.com.ar\\\/wp-content\\\/uploads\\\/2025\\\/02\\\/cropped-logo-mednet-capacitaciones-online-rb.png\",\"width\":376,\"height\":150,\"caption\":\"Mednet\"},\"image\":{\"@id\":\"https:\\\/\\\/www.mednet.com.ar\\\/#\\\/schema\\\/logo\\\/image\\\/\"},\"sameAs\":[\"https:\\\/\\\/www.facebook.com\\\/MedNetla\\\/\",\"https:\\\/\\\/www.instagram.com\\\/mednetla\\\/\",\"https:\\\/\\\/ar.linkedin.com\\\/company\\\/mednet-capacitaciones-online\"]},{\"@type\":\"Person\",\"@id\":\"https:\\\/\\\/www.mednet.com.ar\\\/#\\\/schema\\\/person\\\/4f17eed0aa52c4acb1c2829d4f449195\",\"name\":\"Mednet\",\"image\":{\"@type\":\"ImageObject\",\"inLanguage\":\"en-US\",\"@id\":\"https:\\\/\\\/secure.gravatar.com\\\/avatar\\\/d3052946cffb23cf6c63213ceb4d1e38ee436c5212129930b33405ed9ab49486?s=96&d=mm&r=g\",\"url\":\"https:\\\/\\\/secure.gravatar.com\\\/avatar\\\/d3052946cffb23cf6c63213ceb4d1e38ee436c5212129930b33405ed9ab49486?s=96&d=mm&r=g\",\"contentUrl\":\"https:\\\/\\\/secure.gravatar.com\\\/avatar\\\/d3052946cffb23cf6c63213ceb4d1e38ee436c5212129930b33405ed9ab49486?s=96&d=mm&r=g\",\"caption\":\"Mednet\"},\"sameAs\":[\"https:\\\/\\\/www.mednet.com.ar\"],\"url\":\"https:\\\/\\\/www.mednet.com.ar\\\/en\\\/author\\\/mednetwp\\\/\"}]}<\/script>\n<!-- \/ Yoast SEO plugin. -->","yoast_head_json":{"title":"WEBINAR | La gen\u00e9tica familiar y su influencia en el c\u00e1ncer - Mednet","description":"Mir\u00e1 el segundo encuentro del ciclo de la mano de la Dra. Lina N\u00fa\u00f1ez donde conversamos sobre gen\u00e9tica familiar y su influencia en el c\u00e1ncer.","robots":{"index":"index","follow":"follow","max-snippet":"max-snippet:-1","max-image-preview":"max-image-preview:large","max-video-preview":"max-video-preview:-1"},"canonical":"https:\/\/www.mednet.com.ar\/en\/webinar-genetica-familiar\/","og_locale":"en_US","og_type":"article","og_title":"Gen\u00e9tica y Gen\u00f3mica hoy: La gen\u00e9tica familiar y su influencia en el c\u00e1ncer","og_description":"Te invitamos a ver un fragmento del segundo encuentro del Ciclo de Webinars \"Gen\u00e9tica y Gen\u00f3mica hoy\" donde se abordaron las bases cl\u00ednicas y moleculares de los tumores hereditarios, el rol del asesoramiento gen\u00e9tico en oncolog\u00eda y las implicancias individuales y familiares.","og_url":"https:\/\/www.mednet.com.ar\/en\/webinar-genetica-familiar\/","og_site_name":"Mednet","article_publisher":"https:\/\/www.facebook.com\/MedNetla\/","article_published_time":"2025-07-08T12:37:54+00:00","article_modified_time":"2026-01-27T21:37:43+00:00","og_image":[{"width":1200,"height":800,"url":"https:\/\/www.mednet.com.ar\/wp-content\/uploads\/2025\/05\/genetica_genomica.webp","type":"image\/webp"}],"author":"Mednet","twitter_card":"summary_large_image","twitter_title":"Lesiones cut\u00e1neas en pacientes trasplantados","twitter_description":"Te invitamos a ver un fragmento del primer encuentro sincr\u00f3nico del curso Presente y futuro de las Infecciones en Trasplante de \u00d3rgano S\u00f3lido, donde se abord\u00f3 un tema clave: las lesiones cut\u00e1neas en pacientes trasplantados.","twitter_image":"https:\/\/www.mednet.com.ar\/wp-content\/uploads\/2024\/12\/TOS.webp","twitter_misc":{"Written by":"Mednet","Est. reading time":"1 minute"},"schema":{"@context":"https:\/\/schema.org","@graph":[{"@type":"Article","@id":"https:\/\/www.mednet.com.ar\/webinar-genetica-familiar\/#article","isPartOf":{"@id":"https:\/\/www.mednet.com.ar\/webinar-genetica-familiar\/"},"author":{"name":"Mednet","@id":"https:\/\/www.mednet.com.ar\/#\/schema\/person\/4f17eed0aa52c4acb1c2829d4f449195"},"headline":"WEBINAR | La gen\u00e9tica familiar y su influencia en el c\u00e1ncer","datePublished":"2025-07-08T12:37:54+00:00","dateModified":"2026-01-27T21:37:43+00:00","mainEntityOfPage":{"@id":"https:\/\/www.mednet.com.ar\/webinar-genetica-familiar\/"},"wordCount":123,"publisher":{"@id":"https:\/\/www.mednet.com.ar\/#organization"},"image":{"@id":"https:\/\/www.mednet.com.ar\/webinar-genetica-familiar\/#primaryimage"},"thumbnailUrl":"https:\/\/www.mednet.com.ar\/wp-content\/uploads\/2025\/05\/genetica_genomica.webp","articleSection":["Novedades"],"inLanguage":"en-US"},{"@type":"WebPage","@id":"https:\/\/www.mednet.com.ar\/webinar-genetica-familiar\/","url":"https:\/\/www.mednet.com.ar\/webinar-genetica-familiar\/","name":"WEBINAR | La gen\u00e9tica familiar y su influencia en el c\u00e1ncer - Mednet","isPartOf":{"@id":"https:\/\/www.mednet.com.ar\/#website"},"primaryImageOfPage":{"@id":"https:\/\/www.mednet.com.ar\/webinar-genetica-familiar\/#primaryimage"},"image":{"@id":"https:\/\/www.mednet.com.ar\/webinar-genetica-familiar\/#primaryimage"},"thumbnailUrl":"https:\/\/www.mednet.com.ar\/wp-content\/uploads\/2025\/05\/genetica_genomica.webp","datePublished":"2025-07-08T12:37:54+00:00","dateModified":"2026-01-27T21:37:43+00:00","description":"Mir\u00e1 el segundo encuentro del ciclo de la mano de la Dra. Lina N\u00fa\u00f1ez donde conversamos sobre gen\u00e9tica familiar y su influencia en el c\u00e1ncer.","breadcrumb":{"@id":"https:\/\/www.mednet.com.ar\/webinar-genetica-familiar\/#breadcrumb"},"inLanguage":"en-US","potentialAction":[{"@type":"ReadAction","target":["https:\/\/www.mednet.com.ar\/webinar-genetica-familiar\/"]}]},{"@type":"ImageObject","inLanguage":"en-US","@id":"https:\/\/www.mednet.com.ar\/webinar-genetica-familiar\/#primaryimage","url":"https:\/\/www.mednet.com.ar\/wp-content\/uploads\/2025\/05\/genetica_genomica.webp","contentUrl":"https:\/\/www.mednet.com.ar\/wp-content\/uploads\/2025\/05\/genetica_genomica.webp","width":1200,"height":800,"caption":"dibujo de un adn"},{"@type":"BreadcrumbList","@id":"https:\/\/www.mednet.com.ar\/webinar-genetica-familiar\/#breadcrumb","itemListElement":[{"@type":"ListItem","position":1,"name":"Portada","item":"https:\/\/www.mednet.com.ar\/"},{"@type":"ListItem","position":2,"name":"WEBINAR | La gen\u00e9tica familiar y su influencia en el c\u00e1ncer"}]},{"@type":"WebSite","@id":"https:\/\/www.mednet.com.ar\/#website","url":"https:\/\/www.mednet.com.ar\/","name":"Mednet","description":"Capacitaciones Online","publisher":{"@id":"https:\/\/www.mednet.com.ar\/#organization"},"potentialAction":[{"@type":"SearchAction","target":{"@type":"EntryPoint","urlTemplate":"https:\/\/www.mednet.com.ar\/?s={search_term_string}"},"query-input":{"@type":"PropertyValueSpecification","valueRequired":true,"valueName":"search_term_string"}}],"inLanguage":"en-US"},{"@type":"Organization","@id":"https:\/\/www.mednet.com.ar\/#organization","name":"Mednet","url":"https:\/\/www.mednet.com.ar\/","logo":{"@type":"ImageObject","inLanguage":"en-US","@id":"https:\/\/www.mednet.com.ar\/#\/schema\/logo\/image\/","url":"https:\/\/www.mednet.com.ar\/wp-content\/uploads\/2025\/02\/cropped-logo-mednet-capacitaciones-online-rb.png","contentUrl":"https:\/\/www.mednet.com.ar\/wp-content\/uploads\/2025\/02\/cropped-logo-mednet-capacitaciones-online-rb.png","width":376,"height":150,"caption":"Mednet"},"image":{"@id":"https:\/\/www.mednet.com.ar\/#\/schema\/logo\/image\/"},"sameAs":["https:\/\/www.facebook.com\/MedNetla\/","https:\/\/www.instagram.com\/mednetla\/","https:\/\/ar.linkedin.com\/company\/mednet-capacitaciones-online"]},{"@type":"Person","@id":"https:\/\/www.mednet.com.ar\/#\/schema\/person\/4f17eed0aa52c4acb1c2829d4f449195","name":"Mednet","image":{"@type":"ImageObject","inLanguage":"en-US","@id":"https:\/\/secure.gravatar.com\/avatar\/d3052946cffb23cf6c63213ceb4d1e38ee436c5212129930b33405ed9ab49486?s=96&d=mm&r=g","url":"https:\/\/secure.gravatar.com\/avatar\/d3052946cffb23cf6c63213ceb4d1e38ee436c5212129930b33405ed9ab49486?s=96&d=mm&r=g","contentUrl":"https:\/\/secure.gravatar.com\/avatar\/d3052946cffb23cf6c63213ceb4d1e38ee436c5212129930b33405ed9ab49486?s=96&d=mm&r=g","caption":"Mednet"},"sameAs":["https:\/\/www.mednet.com.ar"],"url":"https:\/\/www.mednet.com.ar\/en\/author\/mednetwp\/"}]}},"_links":{"self":[{"href":"https:\/\/www.mednet.com.ar\/en\/wp-json\/wp\/v2\/posts\/31772","targetHints":{"allow":["GET"]}}],"collection":[{"href":"https:\/\/www.mednet.com.ar\/en\/wp-json\/wp\/v2\/posts"}],"about":[{"href":"https:\/\/www.mednet.com.ar\/en\/wp-json\/wp\/v2\/types\/post"}],"author":[{"embeddable":true,"href":"https:\/\/www.mednet.com.ar\/en\/wp-json\/wp\/v2\/users\/1"}],"replies":[{"embeddable":true,"href":"https:\/\/www.mednet.com.ar\/en\/wp-json\/wp\/v2\/comments?post=31772"}],"version-history":[{"count":34,"href":"https:\/\/www.mednet.com.ar\/en\/wp-json\/wp\/v2\/posts\/31772\/revisions"}],"predecessor-version":[{"id":33087,"href":"https:\/\/www.mednet.com.ar\/en\/wp-json\/wp\/v2\/posts\/31772\/revisions\/33087"}],"wp:featuredmedia":[{"embeddable":true,"href":"https:\/\/www.mednet.com.ar\/en\/wp-json\/wp\/v2\/media\/31567"}],"wp:attachment":[{"href":"https:\/\/www.mednet.com.ar\/en\/wp-json\/wp\/v2\/media?parent=31772"}],"wp:term":[{"taxonomy":"category","embeddable":true,"href":"https:\/\/www.mednet.com.ar\/en\/wp-json\/wp\/v2\/categories?post=31772"},{"taxonomy":"post_tag","embeddable":true,"href":"https:\/\/www.mednet.com.ar\/en\/wp-json\/wp\/v2\/tags?post=31772"}],"curies":[{"name":"wp","href":"https:\/\/api.w.org\/{rel}","templated":true}]}}