{"id":32195,"date":"2025-08-29T11:19:53","date_gmt":"2025-08-29T14:19:53","guid":{"rendered":"https:\/\/www.mednet.com.ar\/?p=32195"},"modified":"2026-01-20T16:03:04","modified_gmt":"2026-01-20T19:03:04","slug":"actualizacion-en-neumonologia-pediatrica","status":"publish","type":"post","link":"https:\/\/www.mednet.com.ar\/en\/actualizacion-en-neumonologia-pediatrica\/","title":{"rendered":"Actualizaci\u00f3n en Neumonolog\u00eda Pedi\u00e1trica"},"content":{"rendered":"<div data-elementor-type=\"wp-post\" data-elementor-id=\"32195\" class=\"elementor elementor-32195\">\n\t\t\t\t<div class=\"elementor-element elementor-element-a53ab0a e-flex e-con-boxed e-con e-parent\" data-id=\"a53ab0a\" data-element_type=\"container\" data-e-type=\"container\">\n\t\t\t\t\t<div class=\"e-con-inner\">\n\t\t<div class=\"elementor-element elementor-element-90c0ed7 e-con-full e-flex e-con e-child\" data-id=\"90c0ed7\" data-element_type=\"container\" data-e-type=\"container\">\n\t\t<div class=\"elementor-element elementor-element-0c147e3 e-con-full elementor-hidden-mobile elementor-hidden-desktop elementor-hidden-tablet e-flex e-con e-child\" data-id=\"0c147e3\" data-element_type=\"container\" data-e-type=\"container\" data-settings=\"{&quot;position&quot;:&quot;fixed&quot;,&quot;background_background&quot;:&quot;classic&quot;}\">\n\t\t\t\t<div class=\"elementor-element elementor-element-37deb05 elementor-widget elementor-widget-text-editor\" data-id=\"37deb05\" data-element_type=\"widget\" data-e-type=\"widget\" data-widget_type=\"text-editor.default\">\n\t\t\t\t<div class=\"elementor-widget-container\">\n\t\t\t\t\t\t\t\t\t<p style=\"font-size: 17px; text-align: center;\"><span style=\"color: #000000;\"><strong>\u00a1Suscr\u00edbete y recibe m\u00e1s novedades <br \/>y beneficios!<\/strong><\/span><\/p>\t\t\t\t\t\t\t\t<\/div>\n\t\t\t\t<\/div>\n\t\t\t\t<div class=\"elementor-element elementor-element-55c024d elementor-widget elementor-widget-text-editor\" data-id=\"55c024d\" data-element_type=\"widget\" data-e-type=\"widget\" data-widget_type=\"text-editor.default\">\n\t\t\t\t<div class=\"elementor-widget-container\">\n\t\t\t\t\t\t\t\t\t<p style=\"font-size: 17px; text-align: center;\"><img decoding=\"async\" class=\"alignnone size-full wp-image-19355 aligncenter\" src=\"https:\/\/www.mednet.com.ar\/wp-content\/uploads\/2024\/01\/mednet-capacitaciones-on-line-medicina-divider.png\" alt=\"\" width=\"150\" height=\"20\" srcset=\"https:\/\/www.mednet.com.ar\/wp-content\/uploads\/2024\/01\/mednet-capacitaciones-on-line-medicina-divider.png 150w, https:\/\/www.mednet.com.ar\/wp-content\/uploads\/2024\/01\/mednet-capacitaciones-on-line-medicina-divider-18x2.png 18w\" sizes=\"(max-width: 150px) 100vw, 150px\" \/><\/p>\t\t\t\t\t\t\t\t<\/div>\n\t\t\t\t<\/div>\n\t\t\t\t<div class=\"elementor-element elementor-element-595e747 elementor-widget__width-initial sg-popup-id-20142 elementor-widget elementor-widget-edublink-button\" data-id=\"595e747\" data-element_type=\"widget\" data-e-type=\"widget\" data-widget_type=\"edublink-button.default\">\n\t\t\t\t<div class=\"elementor-widget-container\">\n\t\t\t\t\t<div class=\"edublink-button-widget-wrapper\"><a class=\"edublink-button-item edublink-button-style-custom edublink-button-size-small edublink-button-icon-position-after\" href=\"#\">Suscribirme al Newsletter<i class=\"edublink icon-4\"><\/i><\/a><\/div>\t\t\t\t<\/div>\n\t\t\t\t<\/div>\n\t\t\t\t<div class=\"elementor-element elementor-element-15bf423 elementor-widget__width-auto elementor-absolute elementor-hidden-tablet elementor-hidden-mobile elementor-invisible elementor-widget elementor-widget-edublink-animation\" data-id=\"15bf423\" data-element_type=\"widget\" data-e-type=\"widget\" data-settings=\"{&quot;_position&quot;:&quot;absolute&quot;,&quot;_animation&quot;:&quot;fadeIn&quot;}\" data-widget_type=\"edublink-animation.default\">\n\t\t\t\t<div class=\"elementor-widget-container\">\n\t\t\t\t\t<div class=\"edublink-animation-widget edublink-animation-display-type-mouse-track edublink-animation-content-type-image edublink-mouse-track-item\"><span data-depth=\"2.5\"><img decoding=\"async\" src=\"https:\/\/www.mednet.com.ar\/wp-content\/uploads\/elementor\/thumbs\/wp-breadcrumb-shape-3-qj6oon8ldoqw7fj3khjdfx97vkdtav1wo75mrz1f90.png\" alt=\"wp-breadcrumb-shape-3\"><\/span><\/div>\t\t\t\t<\/div>\n\t\t\t\t<\/div>\n\t\t\t\t<div class=\"elementor-element elementor-element-c639f11 elementor-widget__width-auto elementor-absolute elementor-hidden-tablet elementor-hidden-mobile elementor-widget elementor-widget-edublink-animation\" data-id=\"c639f11\" data-element_type=\"widget\" data-e-type=\"widget\" data-settings=\"{&quot;_position&quot;:&quot;absolute&quot;}\" data-widget_type=\"edublink-animation.default\">\n\t\t\t\t<div class=\"elementor-widget-container\">\n\t\t\t\t\t<div class=\"edublink-animation-widget edublink-animation-display-type-mouse-track edublink-animation-content-type-image edublink-mouse-track-item\"><span data-depth=\"2\"><img decoding=\"async\" src=\"https:\/\/www.mednet.com.ar\/wp-content\/uploads\/elementor\/thumbs\/wp-breadcrumb-shape-1-qj6ooijefikgldpxbxi8lgfwwn0z8dj8zjw7dl8e44.png\" alt=\"wp-breadcrumb-shape-1\"><\/span><\/div>\t\t\t\t<\/div>\n\t\t\t\t<\/div>\n\t\t\t\t<\/div>\n\t\t\t\t<\/div>\n\t\t<div class=\"elementor-element elementor-element-f8d5a45 e-con-full e-flex e-con e-child\" data-id=\"f8d5a45\" data-element_type=\"container\" data-e-type=\"container\">\n\t\t\t\t<div class=\"elementor-element elementor-element-cd7e23e elementor-widget elementor-widget-text-editor\" data-id=\"cd7e23e\" data-element_type=\"widget\" data-e-type=\"widget\" data-widget_type=\"text-editor.default\">\n\t\t\t\t<div class=\"elementor-widget-container\">\n\t\t\t\t\t\t\t\t\t<p>El <strong data-start=\"154\" data-end=\"223\">Curso Latinoamericano de Actualizaci\u00f3n en Neumonolog\u00eda Pedi\u00e1trica<\/strong> es una propuesta de formaci\u00f3n esencial frente al desaf\u00edo que representan las enfermedades respiratorias en la infancia. Conoc\u00e9 un poco m\u00e1s sobre esta capacitaci\u00f3n!<\/p>\t\t\t\t\t\t\t\t<\/div>\n\t\t\t\t<\/div>\n\t\t\t\t<div class=\"elementor-element elementor-element-f5fb1b8 elementor-widget elementor-widget-edublink-video-popup\" data-id=\"f5fb1b8\" data-element_type=\"widget\" data-e-type=\"widget\" data-widget_type=\"edublink-video-popup.default\">\n\t\t\t\t<div class=\"elementor-widget-container\">\n\t\t\t\t\t<div class=\"edublink-video-popup-wrapper edublink-video-popup-animation-continious edublink-video-popup-continious-type-custom-ripple-color edublink-video-popup-bg-enable\" style=\"background-image: url(https:\/\/www.mednet.com.ar\/wp-content\/uploads\/2025\/08\/neumonologia-1024x576.jpg)\"><div class=\"edublink-video-popup-content\"><a class=\"edublink-video-popup-icon\" href=\"https:\/\/vimeo.com\/1017107711?share=copy\"><svg aria-hidden=\"true\" class=\"e-font-icon-svg e-fas-play\" viewbox=\"0 0 448 512\" xmlns=\"http:\/\/www.w3.org\/2000\/svg\"><path d=\"M424.4 214.7L72.4 6.6C43.8-10.3 0 6.1 0 47.9V464c0 37.5 40.7 60.1 72.4 41.3l352-208c31.4-18.5 31.5-64.1 0-82.6z\"><\/path><\/svg><\/a><\/div><\/div>\t\t\t\t<\/div>\n\t\t\t\t<\/div>\n\t\t<div class=\"elementor-element elementor-element-1c51ee4 e-con-full e-grid elementor-hidden-desktop elementor-hidden-tablet elementor-hidden-mobile e-con e-child\" data-id=\"1c51ee4\" data-element_type=\"container\" data-e-type=\"container\">\n\t\t\t\t<div class=\"elementor-element elementor-element-a82ab68 elementor-widget elementor-widget-edublink-video-popup\" data-id=\"a82ab68\" data-element_type=\"widget\" data-e-type=\"widget\" data-widget_type=\"edublink-video-popup.default\">\n\t\t\t\t<div class=\"elementor-widget-container\">\n\t\t\t\t\t<div class=\"edublink-video-popup-wrapper edublink-video-popup-animation-continious edublink-video-popup-continious-type-custom-ripple-color edublink-video-popup-bg-enable\" style=\"background-image: url(https:\/\/www.mednet.com.ar\/wp-content\/uploads\/2024\/04\/entrevista_dengue_vacunacion.webp)\"><div class=\"edublink-video-popup-content\"><a class=\"edublink-video-popup-icon\" href=\"https:\/\/vimeo.com\/933374175\"><svg aria-hidden=\"true\" class=\"e-font-icon-svg e-fas-play\" viewbox=\"0 0 448 512\" xmlns=\"http:\/\/www.w3.org\/2000\/svg\"><path d=\"M424.4 214.7L72.4 6.6C43.8-10.3 0 6.1 0 47.9V464c0 37.5 40.7 60.1 72.4 41.3l352-208c31.4-18.5 31.5-64.1 0-82.6z\"><\/path><\/svg><\/a><\/div><\/div>\t\t\t\t<\/div>\n\t\t\t\t<\/div>\n\t\t\t\t<div class=\"elementor-element elementor-element-f2535e8 elementor-widget elementor-widget-edublink-video-popup\" data-id=\"f2535e8\" data-element_type=\"widget\" data-e-type=\"widget\" data-widget_type=\"edublink-video-popup.default\">\n\t\t\t\t<div class=\"elementor-widget-container\">\n\t\t\t\t\t<div class=\"edublink-video-popup-wrapper edublink-video-popup-animation-continious edublink-video-popup-continious-type-custom-ripple-color edublink-video-popup-bg-enable\" style=\"background-image: url(https:\/\/www.mednet.com.ar\/wp-content\/uploads\/2024\/04\/entrevista_dengue_vacunacion.webp)\"><div class=\"edublink-video-popup-content\"><a class=\"edublink-video-popup-icon\" href=\"https:\/\/vimeo.com\/933374175\"><svg aria-hidden=\"true\" class=\"e-font-icon-svg e-fas-play\" viewbox=\"0 0 448 512\" xmlns=\"http:\/\/www.w3.org\/2000\/svg\"><path d=\"M424.4 214.7L72.4 6.6C43.8-10.3 0 6.1 0 47.9V464c0 37.5 40.7 60.1 72.4 41.3l352-208c31.4-18.5 31.5-64.1 0-82.6z\"><\/path><\/svg><\/a><\/div><\/div>\t\t\t\t<\/div>\n\t\t\t\t<\/div>\n\t\t\t\t<\/div>\n\t\t\t\t<div class=\"elementor-element elementor-element-356806d elementor-widget elementor-widget-spacer\" data-id=\"356806d\" data-element_type=\"widget\" data-e-type=\"widget\" data-widget_type=\"spacer.default\">\n\t\t\t\t<div class=\"elementor-widget-container\">\n\t\t\t\t\t\t\t<div class=\"elementor-spacer\">\n\t\t\t<div class=\"elementor-spacer-inner\"><\/div>\n\t\t<\/div>\n\t\t\t\t\t\t<\/div>\n\t\t\t\t<\/div>\n\t\t\t\t<div class=\"elementor-element elementor-element-dd23543 elementor-widget elementor-widget-text-editor\" data-id=\"dd23543\" data-element_type=\"widget\" data-e-type=\"widget\" data-widget_type=\"text-editor.default\">\n\t\t\t\t<div class=\"elementor-widget-container\">\n\t\t\t\t\t\t\t\t\t<p style=\"font-size: 31px; text-align: center;\"><span style=\"color: #000000;\"><strong>Cursos relacionados<br \/><\/strong><\/span><img decoding=\"async\" class=\"alignnone size-full wp-image-19355 aligncenter\" src=\"https:\/\/www.mednet.com.ar\/wp-content\/uploads\/2024\/01\/mednet-capacitaciones-on-line-medicina-divider.png\" alt=\"\" width=\"150\" height=\"20\" srcset=\"https:\/\/www.mednet.com.ar\/wp-content\/uploads\/2024\/01\/mednet-capacitaciones-on-line-medicina-divider.png 150w, https:\/\/www.mednet.com.ar\/wp-content\/uploads\/2024\/01\/mednet-capacitaciones-on-line-medicina-divider-18x2.png 18w\" sizes=\"(max-width: 150px) 100vw, 150px\" \/><\/p>\t\t\t\t\t\t\t\t<\/div>\n\t\t\t\t<\/div>\n\t\t<div class=\"elementor-element elementor-element-ddb2de6 e-con-full e-grid e-con e-child\" data-id=\"ddb2de6\" data-element_type=\"container\" data-e-type=\"container\">\n\t\t\t\t<div class=\"elementor-element elementor-element-49954e9 elementor-widget elementor-widget-edublink-lp-courses\" data-id=\"49954e9\" data-element_type=\"widget\" data-e-type=\"widget\" data-widget_type=\"edublink-lp-courses.default\">\n\t\t\t\t<div class=\"elementor-widget-container\">\n\t\t\t\t\t<div class=\"edublink-course-widget-wrapper eb-slider-wrapper\"><div class=\"edublink-archive-lp-courses edublink-course-archive edublink-lms-courses-slider swiper swiper-container swiper-container-initialized\"><div class=\"swiper-wrapper\" data-slidestoshow=\"2\" data-tablet-items=\"2\" data-mobile-items=\"1\" data-small-mobile-items=\"1\" data-speed=\"1000\" data-direction=\"false\">            <div id=\"post-21171\" class=\"edublink-course-style-2 edublink-course-2-slider-item edublink-slider-item swiper-slide post-21171 lp_course type-lp_course status-publish has-post-thumbnail hentry course_category-pediatria course_tag-capacitacion-online course_tag-curso-medicina course_tag-cursos course_tag-cursos-online course_tag-medicina-interna course_tag-medicina-online course_tag-mednet course_tag-mednet-cursos course_tag-neumologia-pediatrica course\"  >\n            <div class=\"edublink-single-course course-style-2\"><div class=\"inner\"><div class=\"thumbnail\"><a class=\"course-thumb\" href=\"https:\/\/www.mednet.com.ar\/en\/cursos\/actualizacion-en-neumologia-pediatrica\/\"><img decoding=\"async\" class=\"w-100\" src=\"https:\/\/www.mednet.com.ar\/wp-content\/uploads\/2025\/01\/neumo-590x430.webp\" alt=\"neumo\"><\/a><div class=\"time-top\"><span class=\"duration\"><i class=\"icon-61\"><\/i>Online<\/span><\/div><\/div><div class=\"content\"><span class=\"course-level\"><a href=\"https:\/\/www.mednet.com.ar\/en\/categoria-de-curso\/pediatria\/\">Pediatrics<\/a><\/span><h6 class=\"title\"><a href=\"https:\/\/www.mednet.com.ar\/en\/cursos\/actualizacion-en-neumologia-pediatrica\/\">XIV Curso Latinoamericano de Actualizaci\u00f3n en Neumonolog\u00eda Pedi\u00e1trica<\/a><\/h6><p>De la mano de expertos y expertas en el \u00e1rea.<\/p>\n<div class=\"read-more-btn\"><a class=\"edu-btn btn-small btn-secondary\" href=\"https:\/\/www.mednet.com.ar\/en\/cursos\/actualizacion-en-neumologia-pediatrica\/\">More information<i class=\"icon-4\"><\/i><\/a><\/div><\/div><\/div><\/div><\/div>            <div id=\"post-20700\" class=\"edublink-course-style-2 edublink-course-2-slider-item edublink-slider-item swiper-slide post-20700 lp_course type-lp_course status-publish has-post-thumbnail hentry course_category-medicina-interna-y-cuidados-intensivos course_tag-capacitacion-online course_tag-curso-medicina course_tag-cursos course_tag-cursos-online course_tag-medicina-interna-y-cuidados-intensivos course_tag-medicina-online course_tag-mednet course_tag-mednet-cursos course_tag-pediatria course\"  >\n            <div class=\"edublink-single-course course-style-2\"><div class=\"inner\"><div class=\"thumbnail\"><a class=\"course-thumb\" href=\"https:\/\/www.mednet.com.ar\/en\/cursos\/actualizacion-en-cuidados-criticos-para-pediatras-2\/\"><img decoding=\"async\" class=\"w-100\" src=\"https:\/\/www.mednet.com.ar\/wp-content\/uploads\/2024\/02\/cuidadoscriticos-1-590x430.webp\" alt=\"cuidadoscr\u00edticos\"><\/a><div class=\"time-top\"><span class=\"duration\"><i class=\"icon-61\"><\/i>Online<\/span><\/div><\/div><div class=\"content\"><span class=\"course-level\"><a href=\"https:\/\/www.mednet.com.ar\/en\/categoria-de-curso\/medicina-interna-y-cuidados-intensivos\/\">Internal Medicine and Intensive Care<\/a><\/span><h6 class=\"title\"><a href=\"https:\/\/www.mednet.com.ar\/en\/cursos\/actualizacion-en-cuidados-criticos-para-pediatras-2\/\">Actualizaci\u00f3n en cuidados cr\u00edticos para pediatras<\/a><\/h6><p>Un curso destinado a pediatras y emergent\u00f3logos que se desempe\u00f1en en \u00e1reas de emergencias pedi\u00e1tricas y de adultos, intensivistas pedi\u00e1tricos,...<\/p>\n<div class=\"read-more-btn\"><a class=\"edu-btn btn-small btn-secondary\" href=\"https:\/\/www.mednet.com.ar\/en\/cursos\/actualizacion-en-cuidados-criticos-para-pediatras-2\/\">More information<i class=\"icon-4\"><\/i><\/a><\/div><\/div><\/div><\/div><\/div><\/div><\/div><\/div>\t\t\t\t<\/div>\n\t\t\t\t<\/div>\n\t\t\t\t<\/div>\n\t\t\t\t<\/div>\n\t\t\t\t\t<\/div>\n\t\t\t\t<\/div>\n\t\t\t\t<\/div>","protected":false},"excerpt":{"rendered":"<p>Este curso te brinda las herramientas necesarias para una atenci\u00f3n segura y efectiva en enfermedades respiratorias en la infancia.<\/p>","protected":false},"author":1,"featured_media":32197,"comment_status":"closed","ping_status":"closed","sticky":false,"template":"","format":"standard","meta":{"_joinchat":[],"footnotes":""},"categories":[197,1],"tags":[],"class_list":["post-32195","post","type-post","status-publish","format-standard","has-post-thumbnail","hentry","category-novedades","category-sin-categoria"],"yoast_head":"<!-- This site is optimized with the Yoast SEO plugin v27.5 - https:\/\/yoast.com\/product\/yoast-seo-wordpress\/ -->\n<title>Actualizaci\u00f3n en Neumonolog\u00eda Pedi\u00e1trica - Mednet<\/title>\n<meta name=\"description\" content=\"Las enfermedades respiratorias en la infancia son una de las principales causas de consulta y hospitalizaci\u00f3n. Actualiz\u00e1 tus conocimientos.\" \/>\n<meta name=\"robots\" content=\"index, follow, max-snippet:-1, max-image-preview:large, max-video-preview:-1\" \/>\n<link rel=\"canonical\" href=\"https:\/\/www.mednet.com.ar\/en\/actualizacion-en-neumonologia-pediatrica\/\" \/>\n<meta property=\"og:locale\" content=\"en_US\" \/>\n<meta property=\"og:type\" content=\"article\" \/>\n<meta property=\"og:title\" content=\"Curso Latinoamericano virtual de Actualizaci\u00f3n en Neumonolog\u00eda Pedi\u00e1trica\" \/>\n<meta property=\"og:description\" content=\"Actualizate en neumonolog\u00eda pedi\u00e1trica para un mejor cuidado en la infancia.\" \/>\n<meta property=\"og:url\" content=\"https:\/\/www.mednet.com.ar\/en\/actualizacion-en-neumonologia-pediatrica\/\" \/>\n<meta property=\"og:site_name\" content=\"Mednet\" \/>\n<meta property=\"article:publisher\" content=\"https:\/\/www.facebook.com\/MedNetla\/\" \/>\n<meta property=\"article:published_time\" content=\"2025-08-29T14:19:53+00:00\" \/>\n<meta property=\"article:modified_time\" content=\"2026-01-20T19:03:04+00:00\" \/>\n<meta property=\"og:image\" content=\"https:\/\/www.mednet.com.ar\/wp-content\/uploads\/2025\/08\/neumonologia.jpg\" \/>\n\t<meta property=\"og:image:width\" content=\"1920\" \/>\n\t<meta property=\"og:image:height\" content=\"1080\" \/>\n\t<meta property=\"og:image:type\" content=\"image\/jpeg\" \/>\n<meta name=\"author\" content=\"Mednet\" \/>\n<meta name=\"twitter:card\" content=\"summary_large_image\" \/>\n<meta name=\"twitter:title\" content=\"Nuestros cursos de Terapia Intensiva Pedi\u00e1trica\" \/>\n<meta name=\"twitter:description\" content=\"Adquir\u00ed los conocimientos necesarios para abordar con mayor seguridad las situaciones cr\u00edticas en pediatr\u00eda.\" \/>\n<meta name=\"twitter:image\" content=\"https:\/\/www.mednet.com.ar\/wp-content\/uploads\/2024\/10\/thumb-7.jpg\" \/>\n<meta name=\"twitter:label1\" content=\"Written by\" \/>\n\t<meta name=\"twitter:data1\" content=\"Mednet\" \/>\n\t<meta name=\"twitter:label2\" content=\"Est. reading time\" \/>\n\t<meta name=\"twitter:data2\" content=\"2 minutes\" \/>\n<script type=\"application\/ld+json\" class=\"yoast-schema-graph\">{\"@context\":\"https:\\\/\\\/schema.org\",\"@graph\":[{\"@type\":\"Article\",\"@id\":\"https:\\\/\\\/www.mednet.com.ar\\\/actualizacion-en-neumonologia-pediatrica\\\/#article\",\"isPartOf\":{\"@id\":\"https:\\\/\\\/www.mednet.com.ar\\\/actualizacion-en-neumonologia-pediatrica\\\/\"},\"author\":{\"name\":\"Mednet\",\"@id\":\"https:\\\/\\\/www.mednet.com.ar\\\/#\\\/schema\\\/person\\\/4f17eed0aa52c4acb1c2829d4f449195\"},\"headline\":\"Actualizaci\u00f3n en Neumonolog\u00eda Pedi\u00e1trica\",\"datePublished\":\"2025-08-29T14:19:53+00:00\",\"dateModified\":\"2026-01-20T19:03:04+00:00\",\"mainEntityOfPage\":{\"@id\":\"https:\\\/\\\/www.mednet.com.ar\\\/actualizacion-en-neumonologia-pediatrica\\\/\"},\"wordCount\":128,\"publisher\":{\"@id\":\"https:\\\/\\\/www.mednet.com.ar\\\/#organization\"},\"image\":{\"@id\":\"https:\\\/\\\/www.mednet.com.ar\\\/actualizacion-en-neumonologia-pediatrica\\\/#primaryimage\"},\"thumbnailUrl\":\"https:\\\/\\\/www.mednet.com.ar\\\/wp-content\\\/uploads\\\/2025\\\/08\\\/neumonologia.jpg\",\"articleSection\":[\"Novedades\",\"Sin categor\u00eda\"],\"inLanguage\":\"en-US\"},{\"@type\":\"WebPage\",\"@id\":\"https:\\\/\\\/www.mednet.com.ar\\\/actualizacion-en-neumonologia-pediatrica\\\/\",\"url\":\"https:\\\/\\\/www.mednet.com.ar\\\/actualizacion-en-neumonologia-pediatrica\\\/\",\"name\":\"Actualizaci\u00f3n en Neumonolog\u00eda Pedi\u00e1trica - Mednet\",\"isPartOf\":{\"@id\":\"https:\\\/\\\/www.mednet.com.ar\\\/#website\"},\"primaryImageOfPage\":{\"@id\":\"https:\\\/\\\/www.mednet.com.ar\\\/actualizacion-en-neumonologia-pediatrica\\\/#primaryimage\"},\"image\":{\"@id\":\"https:\\\/\\\/www.mednet.com.ar\\\/actualizacion-en-neumonologia-pediatrica\\\/#primaryimage\"},\"thumbnailUrl\":\"https:\\\/\\\/www.mednet.com.ar\\\/wp-content\\\/uploads\\\/2025\\\/08\\\/neumonologia.jpg\",\"datePublished\":\"2025-08-29T14:19:53+00:00\",\"dateModified\":\"2026-01-20T19:03:04+00:00\",\"description\":\"Las enfermedades respiratorias en la infancia son una de las principales causas de consulta y hospitalizaci\u00f3n. Actualiz\u00e1 tus conocimientos.\",\"breadcrumb\":{\"@id\":\"https:\\\/\\\/www.mednet.com.ar\\\/actualizacion-en-neumonologia-pediatrica\\\/#breadcrumb\"},\"inLanguage\":\"en-US\",\"potentialAction\":[{\"@type\":\"ReadAction\",\"target\":[\"https:\\\/\\\/www.mednet.com.ar\\\/actualizacion-en-neumonologia-pediatrica\\\/\"]}]},{\"@type\":\"ImageObject\",\"inLanguage\":\"en-US\",\"@id\":\"https:\\\/\\\/www.mednet.com.ar\\\/actualizacion-en-neumonologia-pediatrica\\\/#primaryimage\",\"url\":\"https:\\\/\\\/www.mednet.com.ar\\\/wp-content\\\/uploads\\\/2025\\\/08\\\/neumonologia.jpg\",\"contentUrl\":\"https:\\\/\\\/www.mednet.com.ar\\\/wp-content\\\/uploads\\\/2025\\\/08\\\/neumonologia.jpg\",\"width\":1920,\"height\":1080,\"caption\":\"Neumonolog\u00eda\"},{\"@type\":\"BreadcrumbList\",\"@id\":\"https:\\\/\\\/www.mednet.com.ar\\\/actualizacion-en-neumonologia-pediatrica\\\/#breadcrumb\",\"itemListElement\":[{\"@type\":\"ListItem\",\"position\":1,\"name\":\"Portada\",\"item\":\"https:\\\/\\\/www.mednet.com.ar\\\/\"},{\"@type\":\"ListItem\",\"position\":2,\"name\":\"Actualizaci\u00f3n en Neumonolog\u00eda Pedi\u00e1trica\"}]},{\"@type\":\"WebSite\",\"@id\":\"https:\\\/\\\/www.mednet.com.ar\\\/#website\",\"url\":\"https:\\\/\\\/www.mednet.com.ar\\\/\",\"name\":\"Mednet\",\"description\":\"Capacitaciones Online\",\"publisher\":{\"@id\":\"https:\\\/\\\/www.mednet.com.ar\\\/#organization\"},\"potentialAction\":[{\"@type\":\"SearchAction\",\"target\":{\"@type\":\"EntryPoint\",\"urlTemplate\":\"https:\\\/\\\/www.mednet.com.ar\\\/?s={search_term_string}\"},\"query-input\":{\"@type\":\"PropertyValueSpecification\",\"valueRequired\":true,\"valueName\":\"search_term_string\"}}],\"inLanguage\":\"en-US\"},{\"@type\":\"Organization\",\"@id\":\"https:\\\/\\\/www.mednet.com.ar\\\/#organization\",\"name\":\"Mednet\",\"url\":\"https:\\\/\\\/www.mednet.com.ar\\\/\",\"logo\":{\"@type\":\"ImageObject\",\"inLanguage\":\"en-US\",\"@id\":\"https:\\\/\\\/www.mednet.com.ar\\\/#\\\/schema\\\/logo\\\/image\\\/\",\"url\":\"https:\\\/\\\/www.mednet.com.ar\\\/wp-content\\\/uploads\\\/2025\\\/02\\\/cropped-logo-mednet-capacitaciones-online-rb.png\",\"contentUrl\":\"https:\\\/\\\/www.mednet.com.ar\\\/wp-content\\\/uploads\\\/2025\\\/02\\\/cropped-logo-mednet-capacitaciones-online-rb.png\",\"width\":376,\"height\":150,\"caption\":\"Mednet\"},\"image\":{\"@id\":\"https:\\\/\\\/www.mednet.com.ar\\\/#\\\/schema\\\/logo\\\/image\\\/\"},\"sameAs\":[\"https:\\\/\\\/www.facebook.com\\\/MedNetla\\\/\",\"https:\\\/\\\/www.instagram.com\\\/mednetla\\\/\",\"https:\\\/\\\/ar.linkedin.com\\\/company\\\/mednet-capacitaciones-online\"]},{\"@type\":\"Person\",\"@id\":\"https:\\\/\\\/www.mednet.com.ar\\\/#\\\/schema\\\/person\\\/4f17eed0aa52c4acb1c2829d4f449195\",\"name\":\"Mednet\",\"image\":{\"@type\":\"ImageObject\",\"inLanguage\":\"en-US\",\"@id\":\"https:\\\/\\\/secure.gravatar.com\\\/avatar\\\/d3052946cffb23cf6c63213ceb4d1e38ee436c5212129930b33405ed9ab49486?s=96&d=mm&r=g\",\"url\":\"https:\\\/\\\/secure.gravatar.com\\\/avatar\\\/d3052946cffb23cf6c63213ceb4d1e38ee436c5212129930b33405ed9ab49486?s=96&d=mm&r=g\",\"contentUrl\":\"https:\\\/\\\/secure.gravatar.com\\\/avatar\\\/d3052946cffb23cf6c63213ceb4d1e38ee436c5212129930b33405ed9ab49486?s=96&d=mm&r=g\",\"caption\":\"Mednet\"},\"sameAs\":[\"https:\\\/\\\/www.mednet.com.ar\"],\"url\":\"https:\\\/\\\/www.mednet.com.ar\\\/en\\\/author\\\/mednetwp\\\/\"}]}<\/script>\n<!-- \/ Yoast SEO plugin. -->","yoast_head_json":{"title":"Actualizaci\u00f3n en Neumonolog\u00eda Pedi\u00e1trica - Mednet","description":"Las enfermedades respiratorias en la infancia son una de las principales causas de consulta y hospitalizaci\u00f3n. Actualiz\u00e1 tus conocimientos.","robots":{"index":"index","follow":"follow","max-snippet":"max-snippet:-1","max-image-preview":"max-image-preview:large","max-video-preview":"max-video-preview:-1"},"canonical":"https:\/\/www.mednet.com.ar\/en\/actualizacion-en-neumonologia-pediatrica\/","og_locale":"en_US","og_type":"article","og_title":"Curso Latinoamericano virtual de Actualizaci\u00f3n en Neumonolog\u00eda Pedi\u00e1trica","og_description":"Actualizate en neumonolog\u00eda pedi\u00e1trica para un mejor cuidado en la infancia.","og_url":"https:\/\/www.mednet.com.ar\/en\/actualizacion-en-neumonologia-pediatrica\/","og_site_name":"Mednet","article_publisher":"https:\/\/www.facebook.com\/MedNetla\/","article_published_time":"2025-08-29T14:19:53+00:00","article_modified_time":"2026-01-20T19:03:04+00:00","og_image":[{"width":1920,"height":1080,"url":"https:\/\/www.mednet.com.ar\/wp-content\/uploads\/2025\/08\/neumonologia.jpg","type":"image\/jpeg"}],"author":"Mednet","twitter_card":"summary_large_image","twitter_title":"Nuestros cursos de Terapia Intensiva Pedi\u00e1trica","twitter_description":"Adquir\u00ed los conocimientos necesarios para abordar con mayor seguridad las situaciones cr\u00edticas en pediatr\u00eda.","twitter_image":"https:\/\/www.mednet.com.ar\/wp-content\/uploads\/2024\/10\/thumb-7.jpg","twitter_misc":{"Written by":"Mednet","Est. reading time":"2 minutes"},"schema":{"@context":"https:\/\/schema.org","@graph":[{"@type":"Article","@id":"https:\/\/www.mednet.com.ar\/actualizacion-en-neumonologia-pediatrica\/#article","isPartOf":{"@id":"https:\/\/www.mednet.com.ar\/actualizacion-en-neumonologia-pediatrica\/"},"author":{"name":"Mednet","@id":"https:\/\/www.mednet.com.ar\/#\/schema\/person\/4f17eed0aa52c4acb1c2829d4f449195"},"headline":"Actualizaci\u00f3n en Neumonolog\u00eda Pedi\u00e1trica","datePublished":"2025-08-29T14:19:53+00:00","dateModified":"2026-01-20T19:03:04+00:00","mainEntityOfPage":{"@id":"https:\/\/www.mednet.com.ar\/actualizacion-en-neumonologia-pediatrica\/"},"wordCount":128,"publisher":{"@id":"https:\/\/www.mednet.com.ar\/#organization"},"image":{"@id":"https:\/\/www.mednet.com.ar\/actualizacion-en-neumonologia-pediatrica\/#primaryimage"},"thumbnailUrl":"https:\/\/www.mednet.com.ar\/wp-content\/uploads\/2025\/08\/neumonologia.jpg","articleSection":["Novedades","Sin categor\u00eda"],"inLanguage":"en-US"},{"@type":"WebPage","@id":"https:\/\/www.mednet.com.ar\/actualizacion-en-neumonologia-pediatrica\/","url":"https:\/\/www.mednet.com.ar\/actualizacion-en-neumonologia-pediatrica\/","name":"Actualizaci\u00f3n en Neumonolog\u00eda Pedi\u00e1trica - Mednet","isPartOf":{"@id":"https:\/\/www.mednet.com.ar\/#website"},"primaryImageOfPage":{"@id":"https:\/\/www.mednet.com.ar\/actualizacion-en-neumonologia-pediatrica\/#primaryimage"},"image":{"@id":"https:\/\/www.mednet.com.ar\/actualizacion-en-neumonologia-pediatrica\/#primaryimage"},"thumbnailUrl":"https:\/\/www.mednet.com.ar\/wp-content\/uploads\/2025\/08\/neumonologia.jpg","datePublished":"2025-08-29T14:19:53+00:00","dateModified":"2026-01-20T19:03:04+00:00","description":"Las enfermedades respiratorias en la infancia son una de las principales causas de consulta y hospitalizaci\u00f3n. Actualiz\u00e1 tus conocimientos.","breadcrumb":{"@id":"https:\/\/www.mednet.com.ar\/actualizacion-en-neumonologia-pediatrica\/#breadcrumb"},"inLanguage":"en-US","potentialAction":[{"@type":"ReadAction","target":["https:\/\/www.mednet.com.ar\/actualizacion-en-neumonologia-pediatrica\/"]}]},{"@type":"ImageObject","inLanguage":"en-US","@id":"https:\/\/www.mednet.com.ar\/actualizacion-en-neumonologia-pediatrica\/#primaryimage","url":"https:\/\/www.mednet.com.ar\/wp-content\/uploads\/2025\/08\/neumonologia.jpg","contentUrl":"https:\/\/www.mednet.com.ar\/wp-content\/uploads\/2025\/08\/neumonologia.jpg","width":1920,"height":1080,"caption":"Neumonolog\u00eda"},{"@type":"BreadcrumbList","@id":"https:\/\/www.mednet.com.ar\/actualizacion-en-neumonologia-pediatrica\/#breadcrumb","itemListElement":[{"@type":"ListItem","position":1,"name":"Portada","item":"https:\/\/www.mednet.com.ar\/"},{"@type":"ListItem","position":2,"name":"Actualizaci\u00f3n en Neumonolog\u00eda Pedi\u00e1trica"}]},{"@type":"WebSite","@id":"https:\/\/www.mednet.com.ar\/#website","url":"https:\/\/www.mednet.com.ar\/","name":"Mednet","description":"Capacitaciones Online","publisher":{"@id":"https:\/\/www.mednet.com.ar\/#organization"},"potentialAction":[{"@type":"SearchAction","target":{"@type":"EntryPoint","urlTemplate":"https:\/\/www.mednet.com.ar\/?s={search_term_string}"},"query-input":{"@type":"PropertyValueSpecification","valueRequired":true,"valueName":"search_term_string"}}],"inLanguage":"en-US"},{"@type":"Organization","@id":"https:\/\/www.mednet.com.ar\/#organization","name":"Mednet","url":"https:\/\/www.mednet.com.ar\/","logo":{"@type":"ImageObject","inLanguage":"en-US","@id":"https:\/\/www.mednet.com.ar\/#\/schema\/logo\/image\/","url":"https:\/\/www.mednet.com.ar\/wp-content\/uploads\/2025\/02\/cropped-logo-mednet-capacitaciones-online-rb.png","contentUrl":"https:\/\/www.mednet.com.ar\/wp-content\/uploads\/2025\/02\/cropped-logo-mednet-capacitaciones-online-rb.png","width":376,"height":150,"caption":"Mednet"},"image":{"@id":"https:\/\/www.mednet.com.ar\/#\/schema\/logo\/image\/"},"sameAs":["https:\/\/www.facebook.com\/MedNetla\/","https:\/\/www.instagram.com\/mednetla\/","https:\/\/ar.linkedin.com\/company\/mednet-capacitaciones-online"]},{"@type":"Person","@id":"https:\/\/www.mednet.com.ar\/#\/schema\/person\/4f17eed0aa52c4acb1c2829d4f449195","name":"Mednet","image":{"@type":"ImageObject","inLanguage":"en-US","@id":"https:\/\/secure.gravatar.com\/avatar\/d3052946cffb23cf6c63213ceb4d1e38ee436c5212129930b33405ed9ab49486?s=96&d=mm&r=g","url":"https:\/\/secure.gravatar.com\/avatar\/d3052946cffb23cf6c63213ceb4d1e38ee436c5212129930b33405ed9ab49486?s=96&d=mm&r=g","contentUrl":"https:\/\/secure.gravatar.com\/avatar\/d3052946cffb23cf6c63213ceb4d1e38ee436c5212129930b33405ed9ab49486?s=96&d=mm&r=g","caption":"Mednet"},"sameAs":["https:\/\/www.mednet.com.ar"],"url":"https:\/\/www.mednet.com.ar\/en\/author\/mednetwp\/"}]}},"_links":{"self":[{"href":"https:\/\/www.mednet.com.ar\/en\/wp-json\/wp\/v2\/posts\/32195","targetHints":{"allow":["GET"]}}],"collection":[{"href":"https:\/\/www.mednet.com.ar\/en\/wp-json\/wp\/v2\/posts"}],"about":[{"href":"https:\/\/www.mednet.com.ar\/en\/wp-json\/wp\/v2\/types\/post"}],"author":[{"embeddable":true,"href":"https:\/\/www.mednet.com.ar\/en\/wp-json\/wp\/v2\/users\/1"}],"replies":[{"embeddable":true,"href":"https:\/\/www.mednet.com.ar\/en\/wp-json\/wp\/v2\/comments?post=32195"}],"version-history":[{"count":9,"href":"https:\/\/www.mednet.com.ar\/en\/wp-json\/wp\/v2\/posts\/32195\/revisions"}],"predecessor-version":[{"id":33055,"href":"https:\/\/www.mednet.com.ar\/en\/wp-json\/wp\/v2\/posts\/32195\/revisions\/33055"}],"wp:featuredmedia":[{"embeddable":true,"href":"https:\/\/www.mednet.com.ar\/en\/wp-json\/wp\/v2\/media\/32197"}],"wp:attachment":[{"href":"https:\/\/www.mednet.com.ar\/en\/wp-json\/wp\/v2\/media?parent=32195"}],"wp:term":[{"taxonomy":"category","embeddable":true,"href":"https:\/\/www.mednet.com.ar\/en\/wp-json\/wp\/v2\/categories?post=32195"},{"taxonomy":"post_tag","embeddable":true,"href":"https:\/\/www.mednet.com.ar\/en\/wp-json\/wp\/v2\/tags?post=32195"}],"curies":[{"name":"wp","href":"https:\/\/api.w.org\/{rel}","templated":true}]}}