{"id":32435,"date":"2025-10-16T12:13:39","date_gmt":"2025-10-16T15:13:39","guid":{"rendered":"https:\/\/www.mednet.com.ar\/?p=32435"},"modified":"2025-10-20T15:23:36","modified_gmt":"2025-10-20T18:23:36","slug":"primera-clase-genetica-y-genomica","status":"publish","type":"post","link":"https:\/\/www.mednet.com.ar\/en\/primera-clase-genetica-y-genomica\/","title":{"rendered":"Contenido exclusivo | Curso virtual Gen\u00e9tica y Gen\u00f3mica"},"content":{"rendered":"<div data-elementor-type=\"wp-post\" data-elementor-id=\"32435\" class=\"elementor elementor-32435\">\n\t\t\t\t<div class=\"elementor-element elementor-element-e653811 e-flex e-con-boxed e-con e-parent\" data-id=\"e653811\" data-element_type=\"container\" data-e-type=\"container\">\n\t\t\t\t\t<div class=\"e-con-inner\">\n\t\t<div class=\"elementor-element elementor-element-e4b22fb e-con-full e-flex e-con e-child\" data-id=\"e4b22fb\" data-element_type=\"container\" data-e-type=\"container\">\n\t\t\t\t<div class=\"elementor-element elementor-element-04fadc4 elementor-widget elementor-widget-text-editor\" data-id=\"04fadc4\" data-element_type=\"widget\" data-e-type=\"widget\" data-widget_type=\"text-editor.default\">\n\t\t\t\t<div class=\"elementor-widget-container\">\n\t\t\t\t\t\t\t\t\t<p>En esta primera clase del curso se realiz\u00f3 un recorrido que comienza con la <strong data-start=\"157\" data-end=\"184\">historia de la gen\u00e9tica<\/strong>, avanza por las <strong data-start=\"201\" data-end=\"239\">principales enfermedades gen\u00e9ticas<\/strong> y concluye con las <strong data-start=\"259\" data-end=\"300\">herramientas del diagn\u00f3stico gen\u00e9tico<\/strong> que transforman la pr\u00e1ctica cl\u00ednica actual.<\/p><p>Mir\u00e1 los tres fragmentos y adentrate a un <strong data-start=\"304\" data-end=\"375\" data-is-last-node=\"\">campo en constante evoluci\u00f3n <\/strong>que redefine el futuro de la medicina.<\/p>\t\t\t\t\t\t\t\t<\/div>\n\t\t\t\t<\/div>\n\t\t\t\t<div class=\"elementor-element elementor-element-679bef9 elementor-widget elementor-widget-edublink-video-popup\" data-id=\"679bef9\" data-element_type=\"widget\" data-e-type=\"widget\" data-widget_type=\"edublink-video-popup.default\">\n\t\t\t\t<div class=\"elementor-widget-container\">\n\t\t\t\t\t<div class=\"edublink-video-popup-wrapper edublink-video-popup-animation-continious edublink-video-popup-continious-type-colored edublink-video-popup-bg-enable\" style=\"background-image: url(https:\/\/www.mednet.com.ar\/wp-content\/uploads\/2025\/10\/la-historia-de-la-genetica.jpg)\"><div class=\"edublink-video-popup-content\"><a class=\"edublink-video-popup-icon\" href=\"https:\/\/vimeo.com\/1125868863?share=copy&#038;fl=sv&#038;fe=ci\"><svg aria-hidden=\"true\" class=\"e-font-icon-svg e-fas-play\" viewbox=\"0 0 448 512\" xmlns=\"http:\/\/www.w3.org\/2000\/svg\"><path d=\"M424.4 214.7L72.4 6.6C43.8-10.3 0 6.1 0 47.9V464c0 37.5 40.7 60.1 72.4 41.3l352-208c31.4-18.5 31.5-64.1 0-82.6z\"><\/path><\/svg><\/a><\/div><\/div>\t\t\t\t<\/div>\n\t\t\t\t<\/div>\n\t\t<div class=\"elementor-element elementor-element-c95a750 e-con-full e-grid e-con e-child\" data-id=\"c95a750\" data-element_type=\"container\" data-e-type=\"container\">\n\t\t\t\t<div class=\"elementor-element elementor-element-dc396d6 elementor-widget elementor-widget-edublink-video-popup\" data-id=\"dc396d6\" data-element_type=\"widget\" data-e-type=\"widget\" data-widget_type=\"edublink-video-popup.default\">\n\t\t\t\t<div class=\"elementor-widget-container\">\n\t\t\t\t\t<div class=\"edublink-video-popup-wrapper edublink-video-popup-animation-continious edublink-video-popup-continious-type-colored edublink-video-popup-bg-enable\" style=\"background-image: url(https:\/\/www.mednet.com.ar\/wp-content\/uploads\/2025\/10\/enfermedades-geneticas.jpg)\"><div class=\"edublink-video-popup-content\"><a class=\"edublink-video-popup-icon\" href=\"https:\/\/vimeo.com\/1127862443?share=copy&#038;fl=sv&#038;fe=ci\"><svg aria-hidden=\"true\" class=\"e-font-icon-svg e-fas-play\" viewbox=\"0 0 448 512\" xmlns=\"http:\/\/www.w3.org\/2000\/svg\"><path d=\"M424.4 214.7L72.4 6.6C43.8-10.3 0 6.1 0 47.9V464c0 37.5 40.7 60.1 72.4 41.3l352-208c31.4-18.5 31.5-64.1 0-82.6z\"><\/path><\/svg><\/a><\/div><\/div>\t\t\t\t<\/div>\n\t\t\t\t<\/div>\n\t\t\t\t<div class=\"elementor-element elementor-element-182aac3 elementor-widget elementor-widget-edublink-video-popup\" data-id=\"182aac3\" data-element_type=\"widget\" data-e-type=\"widget\" data-widget_type=\"edublink-video-popup.default\">\n\t\t\t\t<div class=\"elementor-widget-container\">\n\t\t\t\t\t<div class=\"edublink-video-popup-wrapper edublink-video-popup-animation-continious edublink-video-popup-continious-type-colored edublink-video-popup-bg-enable\" style=\"background-image: url(https:\/\/www.mednet.com.ar\/wp-content\/uploads\/2025\/10\/diagnostico-genetico.jpg)\"><div class=\"edublink-video-popup-content\"><a class=\"edublink-video-popup-icon\" href=\"https:\/\/vimeo.com\/1127862661?share=copy&#038;fl=sv&#038;fe=ci\"><svg aria-hidden=\"true\" class=\"e-font-icon-svg e-fas-play\" viewbox=\"0 0 448 512\" xmlns=\"http:\/\/www.w3.org\/2000\/svg\"><path d=\"M424.4 214.7L72.4 6.6C43.8-10.3 0 6.1 0 47.9V464c0 37.5 40.7 60.1 72.4 41.3l352-208c31.4-18.5 31.5-64.1 0-82.6z\"><\/path><\/svg><\/a><\/div><\/div>\t\t\t\t<\/div>\n\t\t\t\t<\/div>\n\t\t\t\t<\/div>\n\t\t\t\t<div class=\"elementor-element elementor-element-f11137f elementor-widget elementor-widget-spacer\" data-id=\"f11137f\" data-element_type=\"widget\" data-e-type=\"widget\" data-widget_type=\"spacer.default\">\n\t\t\t\t<div class=\"elementor-widget-container\">\n\t\t\t\t\t\t\t<div class=\"elementor-spacer\">\n\t\t\t<div class=\"elementor-spacer-inner\"><\/div>\n\t\t<\/div>\n\t\t\t\t\t\t<\/div>\n\t\t\t\t<\/div>\n\t\t\t\t<div class=\"elementor-element elementor-element-e71fb56 elementor-widget elementor-widget-text-editor\" data-id=\"e71fb56\" data-element_type=\"widget\" data-e-type=\"widget\" data-widget_type=\"text-editor.default\">\n\t\t\t\t<div class=\"elementor-widget-container\">\n\t\t\t\t\t\t\t\t\t<p style=\"font-size: 31px; text-align: center;\"><span style=\"color: #000000;\"><strong>Cursos relacionados<br \/><\/strong><\/span><img decoding=\"async\" class=\"alignnone size-full wp-image-19355 aligncenter\" src=\"https:\/\/www.mednet.com.ar\/wp-content\/uploads\/2024\/01\/mednet-capacitaciones-on-line-medicina-divider.png\" alt=\"\" width=\"150\" height=\"20\" srcset=\"https:\/\/www.mednet.com.ar\/wp-content\/uploads\/2024\/01\/mednet-capacitaciones-on-line-medicina-divider.png 150w, https:\/\/www.mednet.com.ar\/wp-content\/uploads\/2024\/01\/mednet-capacitaciones-on-line-medicina-divider-18x2.png 18w\" sizes=\"(max-width: 150px) 100vw, 150px\" \/><\/p>\t\t\t\t\t\t\t\t<\/div>\n\t\t\t\t<\/div>\n\t\t<div class=\"elementor-element elementor-element-ca4bacc e-grid e-con-boxed e-con e-child\" data-id=\"ca4bacc\" data-element_type=\"container\" data-e-type=\"container\">\n\t\t\t\t\t<div class=\"e-con-inner\">\n\t\t\t\t<div class=\"elementor-element elementor-element-534fb43 elementor-widget elementor-widget-edublink-lp-courses\" data-id=\"534fb43\" data-element_type=\"widget\" data-e-type=\"widget\" data-widget_type=\"edublink-lp-courses.default\">\n\t\t\t\t<div class=\"elementor-widget-container\">\n\t\t\t\t\t<div class=\"edublink-course-widget-wrapper eb-slider-wrapper\"><div class=\"edublink-archive-lp-courses edublink-course-archive edublink-lms-courses-slider swiper swiper-container swiper-container-initialized\"><div class=\"swiper-wrapper\" data-slidestoshow=\"2\" data-tablet-items=\"2\" data-mobile-items=\"1\" data-small-mobile-items=\"1\" data-speed=\"3000\" data-direction=\"false\" data-autoplay=\"true\" data-autoplayspeed=\"3000\" data-loop=\"true\">            <div id=\"post-30370\" class=\"edublink-course-style-2 edublink-course-2-slider-item edublink-slider-item swiper-slide post-30370 lp_course type-lp_course status-publish has-post-thumbnail hentry course_category-herramientas-practicas course_tag-capacitacion-online course_tag-curso-medicina course_tag-curso-online course_tag-curso-virtual course_tag-cursos course_tag-cursos-online course_tag-cursos-para-pediatras course_tag-endocrinologia-pediatrica course_tag-genetica course_tag-genomica course_tag-medicina-online course_tag-mednet-cursos course_tag-pediatria course_tag-profesionales-de-la-salud course\"  >\n            <div class=\"edublink-single-course course-style-2\"><div class=\"inner\"><div class=\"thumbnail\"><a class=\"course-thumb\" href=\"https:\/\/www.mednet.com.ar\/en\/cursos\/genetica-y-genomica-clinica\/\"><img decoding=\"async\" class=\"w-100\" src=\"https:\/\/www.mednet.com.ar\/wp-content\/uploads\/2025\/05\/genetica_genomica-590x430.webp\" alt=\"dibujo de un adn\"><\/a><div class=\"time-top\"><span class=\"duration\"><i class=\"icon-61\"><\/i>Online<\/span><\/div><\/div><div class=\"content\"><span class=\"course-level\"><a href=\"https:\/\/www.mednet.com.ar\/en\/categoria-de-curso\/herramientas-practicas\/\">Practical tools<\/a><\/span><h6 class=\"title\"><a href=\"https:\/\/www.mednet.com.ar\/en\/cursos\/genetica-y-genomica-clinica\/\">Fundamentos de gen\u00e9tica y gen\u00f3mica cl\u00ednica para profesionales de la salud<\/a><\/h6><p>Aplic\u00e1 eficazmente los avances en gen\u00e9tica y salud y mejor\u00e1 la atenci\u00f3n de tus pacientes.<\/p>\n<div class=\"read-more-btn\"><a class=\"edu-btn btn-small btn-secondary\" href=\"https:\/\/www.mednet.com.ar\/en\/cursos\/genetica-y-genomica-clinica\/\">More information<i class=\"icon-4\"><\/i><\/a><\/div><\/div><\/div><\/div><\/div>            <div id=\"post-21085\" class=\"edublink-course-style-2 edublink-course-2-slider-item edublink-slider-item swiper-slide post-21085 lp_course type-lp_course status-publish has-post-thumbnail hentry course_category-herramientas-practicas course_tag-capacitacion-online course_tag-curso-medicina course_tag-curso-online course_tag-idioma course_tag-ingles course_tag-mednet-cursos course_tag-pediatria course_tag-profesionales course_tag-salud course\"  >\n            <div class=\"edublink-single-course course-style-2\"><div class=\"inner\"><div class=\"thumbnail\"><a class=\"course-thumb\" href=\"https:\/\/www.mednet.com.ar\/en\/cursos\/curso-de-ingles-para-profesionales-de-la-salud\/\"><img decoding=\"async\" class=\"w-100\" src=\"https:\/\/www.mednet.com.ar\/wp-content\/uploads\/2025\/01\/ingles-590x430.webp\" alt=\"ingl\u00e9s\"><\/a><div class=\"time-top\"><span class=\"duration\"><i class=\"icon-61\"><\/i>Online<\/span><\/div><\/div><div class=\"content\"><span class=\"course-level\"><a href=\"https:\/\/www.mednet.com.ar\/en\/categoria-de-curso\/herramientas-practicas\/\">Practical tools<\/a><\/span><h6 class=\"title\"><a href=\"https:\/\/www.mednet.com.ar\/en\/cursos\/curso-de-ingles-para-profesionales-de-la-salud\/\">Ingl\u00e9s para profesionales de la salud: Nivel b\u00e1sico<\/a><\/h6><p>El ingl\u00e9s es una herramienta esencial para el desarrollo profesional en el \u00e1rea de la salud. Estar a la vanguardia exige dominarlo.<\/p>\n<div class=\"read-more-btn\"><a class=\"edu-btn btn-small btn-secondary\" href=\"https:\/\/www.mednet.com.ar\/en\/cursos\/curso-de-ingles-para-profesionales-de-la-salud\/\">More information<i class=\"icon-4\"><\/i><\/a><\/div><\/div><\/div><\/div><\/div>            <div id=\"post-21643\" class=\"edublink-course-style-2 edublink-course-2-slider-item edublink-slider-item swiper-slide post-21643 lp_course type-lp_course status-publish has-post-thumbnail hentry course_category-herramientas-practicas course_tag-capacitacion-online course_tag-curso-medicina course_tag-curso-online course_tag-curso-virtual course_tag-cursos course_tag-elearning course_tag-informatica course_tag-kinesiologos course_tag-medicina-online course_tag-mednet course_tag-mednet-cursos course_tag-nutricion course_tag-psicologos course\"  >\n            <div class=\"edublink-single-course course-style-2\"><div class=\"inner\"><div class=\"thumbnail\"><a class=\"course-thumb\" href=\"https:\/\/www.mednet.com.ar\/en\/cursos\/herramientas-para-la-transformacion-digital-de-la-practica-medica\/\"><img decoding=\"async\" class=\"w-100\" src=\"https:\/\/www.mednet.com.ar\/wp-content\/uploads\/2024\/02\/herramientas-590x430.webp\" alt=\"herramientas\"><\/a><div class=\"time-top\"><span class=\"duration\"><i class=\"icon-61\"><\/i>Online<\/span><\/div><\/div><div class=\"content\"><span class=\"course-level\"><a href=\"https:\/\/www.mednet.com.ar\/en\/categoria-de-curso\/herramientas-practicas\/\">Practical tools<\/a><\/span><h6 class=\"title\"><a href=\"https:\/\/www.mednet.com.ar\/en\/cursos\/herramientas-para-la-transformacion-digital-de-la-practica-medica\/\">Herramientas para la Transformaci\u00f3n Digital de la pr\u00e1ctica m\u00e9dica<\/a><\/h6><p>Comprender los conceptos fundamentales de la transformaci\u00f3n digital en el contexto de la pr\u00e1ctica m\u00e9dica.<\/p>\n<div class=\"read-more-btn\"><a class=\"edu-btn btn-small btn-secondary\" href=\"https:\/\/www.mednet.com.ar\/en\/cursos\/herramientas-para-la-transformacion-digital-de-la-practica-medica\/\">More information<i class=\"icon-4\"><\/i><\/a><\/div><\/div><\/div><\/div><\/div><\/div><\/div><\/div>\t\t\t\t<\/div>\n\t\t\t\t<\/div>\n\t\t\t\t\t<\/div>\n\t\t\t\t<\/div>\n\t\t\t\t<\/div>\n\t\t\t\t\t<\/div>\n\t\t\t\t<\/div>\n\t\t<div class=\"elementor-element elementor-element-dd717d1 e-flex e-con-boxed e-con e-parent\" data-id=\"dd717d1\" data-element_type=\"container\" data-e-type=\"container\">\n\t\t\t\t\t<div class=\"e-con-inner\">\n\t\t<div class=\"elementor-element elementor-element-f360fdb e-con-full elementor-hidden-desktop elementor-hidden-tablet elementor-hidden-mobile e-flex e-con e-child\" data-id=\"f360fdb\" data-element_type=\"container\" data-e-type=\"container\">\n\t\t\t\t<div class=\"elementor-element elementor-element-85848d4 elementor-widget elementor-widget-text-editor\" data-id=\"85848d4\" data-element_type=\"widget\" data-e-type=\"widget\" data-widget_type=\"text-editor.default\">\n\t\t\t\t<div class=\"elementor-widget-container\">\n\t\t\t\t\t\t\t\t\t<p style=\"font-size: 31px; text-align: center;\"><span style=\"color: #000000;\"><strong>Otros contenidos de inter\u00e9s<br \/><\/strong><\/span><img decoding=\"async\" class=\"alignnone size-full wp-image-19355 aligncenter\" src=\"https:\/\/www.mednet.com.ar\/wp-content\/uploads\/2024\/01\/mednet-capacitaciones-on-line-medicina-divider.png\" alt=\"\" width=\"150\" height=\"20\" srcset=\"https:\/\/www.mednet.com.ar\/wp-content\/uploads\/2024\/01\/mednet-capacitaciones-on-line-medicina-divider.png 150w, https:\/\/www.mednet.com.ar\/wp-content\/uploads\/2024\/01\/mednet-capacitaciones-on-line-medicina-divider-18x2.png 18w\" sizes=\"(max-width: 150px) 100vw, 150px\" \/><\/p>\t\t\t\t\t\t\t\t<\/div>\n\t\t\t\t<\/div>\n\t\t\t\t<div class=\"elementor-element elementor-element-9b3afd4 elementor-widget elementor-widget-edublink-post\" data-id=\"9b3afd4\" data-element_type=\"widget\" data-e-type=\"widget\" data-widget_type=\"edublink-post.default\">\n\t\t\t\t<div class=\"elementor-widget-container\">\n\t\t\t\t\t<div class=\"eb-slider-wrapper\"><div class=\"eb-blog-post-wrapper eb-post-style-1 eb-post-slider swiper swiper-container swiper-container-initialized\"><div class=\"swiper-wrapper\" data-slidestoshow=\"2\" data-tablet-items=\"2\" data-mobile-items=\"1\" data-small-mobile-items=\"1\" data-speed=\"1000\" data-direction=\"false\" data-autoplay=\"true\" data-autoplayspeed=\"3000\" data-loop=\"true\"><div class=\"eb-post-one-single-slider edublink-slider-item swiper-slide\"><div class=\"edu-blog blog-style-1\"><div class=\"inner\"><div class=\"thumbnail\"><a href=\"https:\/\/www.mednet.com.ar\/en\/jornadas-20-aniversario-curso-de-actualizacion-en-inmunizaciones-a-distancia\/\"><img decoding=\"async\" src=\"https:\/\/www.mednet.com.ar\/wp-content\/uploads\/2026\/04\/jornada-xx-inmunizaciones-590x430.jpg\" alt=\"jornada-xx-inmunizaciones\" \/><\/a><\/div><div class=\"content\"><div class=\"category-wrap\"><a href=\"https:\/\/www.mednet.com.ar\/en\/categoria\/novedades\/\">News<\/a><\/div><h5 class=\"title\"><a href=\"https:\/\/www.mednet.com.ar\/en\/jornadas-20-aniversario-curso-de-actualizacion-en-inmunizaciones-a-distancia\/\">Jornadas de Inmunizaciones 2026 para profesionales de la salud<\/a><\/h5><ul class=\"blog-meta\"><li><i class=\"icon-27\"><\/i>28 de April de 2026<\/li><li><i class=\"icon-28\"><\/i> Com 0<\/li><\/ul><p>Sumate a las Jornadas 20\u00b0 Aniversario por el Curso de Actualizaci\u00f3n en Inmunizaciones a distancia.<\/p>\n<\/div><\/div><\/div><\/div><div class=\"eb-post-one-single-slider edublink-slider-item swiper-slide\"><div class=\"edu-blog blog-style-1\"><div class=\"inner\"><div class=\"thumbnail\"><a href=\"https:\/\/www.mednet.com.ar\/en\/contenido-exclusivo-microbioma-y-acne\/\"><img decoding=\"async\" src=\"https:\/\/www.mednet.com.ar\/wp-content\/uploads\/2026\/04\/thumb-590x430.jpg\" alt=\"imagen clase\" \/><\/a><\/div><div class=\"content\"><div class=\"category-wrap\"><a href=\"https:\/\/www.mednet.com.ar\/en\/categoria\/novedades\/\">News<\/a><\/div><h5 class=\"title\"><a href=\"https:\/\/www.mednet.com.ar\/en\/contenido-exclusivo-microbioma-y-acne\/\">Contenido exclusivo | Microbioma y acn\u00e9<\/a><\/h5><ul class=\"blog-meta\"><li><i class=\"icon-27\"><\/i>22 de April de 2026<\/li><li><i class=\"icon-28\"><\/i> Com 0<\/li><\/ul><p>Un vistazo a c\u00f3mo las redes sociales moldean las decisiones sobre el cuidado de la piel.<\/p>\n<\/div><\/div><\/div><\/div><div class=\"eb-post-one-single-slider edublink-slider-item swiper-slide\"><div class=\"edu-blog blog-style-1\"><div class=\"inner\"><div class=\"thumbnail\"><a href=\"https:\/\/www.mednet.com.ar\/en\/fragmento-skincare-y-redes-sociales\/\"><img decoding=\"async\" src=\"https:\/\/www.mednet.com.ar\/wp-content\/uploads\/2026\/03\/skincare-redes-sociales-590x430.jpg\" alt=\"skincare-redes-sociales\" \/><\/a><\/div><div class=\"content\"><div class=\"category-wrap\"><a href=\"https:\/\/www.mednet.com.ar\/en\/categoria\/novedades\/\">News<\/a><\/div><h5 class=\"title\"><a href=\"https:\/\/www.mednet.com.ar\/en\/fragmento-skincare-y-redes-sociales\/\">Contenido exclusivo | Skincare y redes sociales<\/a><\/h5><ul class=\"blog-meta\"><li><i class=\"icon-27\"><\/i>27 de March de 2026<\/li><li><i class=\"icon-28\"><\/i> Com 0<\/li><\/ul><p>Un vistazo a c\u00f3mo las redes sociales moldean las decisiones sobre el cuidado de la piel.<\/p>\n<\/div><\/div><\/div><\/div><div class=\"eb-post-one-single-slider edublink-slider-item swiper-slide\"><div class=\"edu-blog blog-style-1\"><div class=\"inner\"><div class=\"thumbnail\"><a href=\"https:\/\/www.mednet.com.ar\/en\/presentacion-diplomatura-en-vih\/\"><img decoding=\"async\" src=\"https:\/\/www.mednet.com.ar\/wp-content\/uploads\/2026\/03\/thumb-590x430.jpg\" alt=\"thumb\" \/><\/a><\/div><div class=\"content\"><div class=\"category-wrap\"><a href=\"https:\/\/www.mednet.com.ar\/en\/categoria\/novedades\/\">News<\/a><\/div><h5 class=\"title\"><a href=\"https:\/\/www.mednet.com.ar\/en\/presentacion-diplomatura-en-vih\/\">Presentaci\u00f3n: Diplomatura en VIH 2026<\/a><\/h5><ul class=\"blog-meta\"><li><i class=\"icon-27\"><\/i>18 de March de 2026<\/li><li><i class=\"icon-28\"><\/i> Com 0<\/li><\/ul><p>Actualizaci\u00f3n clave para profesionales de la salud con enfoque pr\u00e1ctico y cl\u00ednico.<\/p>\n<\/div><\/div><\/div><\/div><div class=\"eb-post-one-single-slider edublink-slider-item swiper-slide\"><div class=\"edu-blog blog-style-1\"><div class=\"inner\"><div class=\"thumbnail\"><a href=\"https:\/\/www.mednet.com.ar\/en\/presentacion-curso-desarrollo-infantil\/\"><img decoding=\"async\" src=\"https:\/\/www.mednet.com.ar\/wp-content\/uploads\/2026\/01\/thumb-1-590x430.jpg\" alt=\"persona a c\u00e1mara\" \/><\/a><\/div><div class=\"content\"><div class=\"category-wrap\"><a href=\"https:\/\/www.mednet.com.ar\/en\/categoria\/novedades\/\">News<\/a><\/div><h5 class=\"title\"><a href=\"https:\/\/www.mednet.com.ar\/en\/presentacion-curso-desarrollo-infantil\/\">Presentaci\u00f3n curso Desarrollo infantil: claves para la pr\u00e1ctica pedi\u00e1trica<\/a><\/h5><ul class=\"blog-meta\"><li><i class=\"icon-27\"><\/i>26 de February de 2026<\/li><li><i class=\"icon-28\"><\/i> Com 0<\/li><\/ul><p>Qu\u00e9 observar, c\u00f3mo acompa\u00f1ar y cu\u00e1ndo derivar. Una mirada cl\u00ednica, m\u00e1s all\u00e1 de los hitos.<\/p>\n<\/div><\/div><\/div><\/div><div class=\"eb-post-one-single-slider edublink-slider-item swiper-slide\"><div class=\"edu-blog blog-style-1\"><div class=\"inner\"><div class=\"thumbnail\"><a href=\"https:\/\/www.mednet.com.ar\/en\/cursos-de-diagnostico-por-imagenes-en-pediatria\/\"><img decoding=\"async\" src=\"https:\/\/www.mednet.com.ar\/wp-content\/uploads\/2026\/01\/cursos-imagenes-590x430.jpg\" alt=\"cursos-imagenes\" \/><\/a><\/div><div class=\"content\"><div class=\"category-wrap\"><a href=\"https:\/\/www.mednet.com.ar\/en\/categoria\/novedades\/\">News<\/a><\/div><h5 class=\"title\"><a href=\"https:\/\/www.mednet.com.ar\/en\/cursos-de-diagnostico-por-imagenes-en-pediatria\/\">Cursos de Diagn\u00f3stico por Im\u00e1genes<\/a><\/h5><ul class=\"blog-meta\"><li><i class=\"icon-27\"><\/i>19 de January de 2026<\/li><li><i class=\"icon-28\"><\/i> Com 0<\/li><\/ul><p>Un recorrido formativo para fortalecer tu mirada en Diagn\u00f3stico por Im\u00e1genes en pediatr\u00eda.<\/p>\n<\/div><\/div><\/div><\/div><\/div><\/div><\/div>\t\t\t\t<\/div>\n\t\t\t\t<\/div>\n\t\t\t\t<div class=\"elementor-element elementor-element-5f88309 elementor-widget elementor-widget-spacer\" data-id=\"5f88309\" data-element_type=\"widget\" data-e-type=\"widget\" data-widget_type=\"spacer.default\">\n\t\t\t\t<div class=\"elementor-widget-container\">\n\t\t\t\t\t\t\t<div class=\"elementor-spacer\">\n\t\t\t<div class=\"elementor-spacer-inner\"><\/div>\n\t\t<\/div>\n\t\t\t\t\t\t<\/div>\n\t\t\t\t<\/div>\n\t\t\t\t<\/div>\n\t\t<div class=\"elementor-element elementor-element-06e99c5 e-con-full e-flex e-con e-child\" data-id=\"06e99c5\" data-element_type=\"container\" data-e-type=\"container\" data-settings=\"{&quot;background_background&quot;:&quot;classic&quot;}\">\n\t\t\t\t<\/div>\n\t\t\t\t\t<\/div>\n\t\t\t\t<\/div>\n\t\t\t\t<\/div>","protected":false},"excerpt":{"rendered":"<p>Or\u00edgenes de la gen\u00e9tica, principales enfermedades gen\u00e9ticas y herramientas diagn\u00f3sticas que hoy revolucionan la medicina.<\/p>","protected":false},"author":1,"featured_media":32465,"comment_status":"closed","ping_status":"closed","sticky":false,"template":"","format":"standard","meta":{"_joinchat":[],"footnotes":""},"categories":[197],"tags":[202,207,201,206],"class_list":["post-32435","post","type-post","status-publish","format-standard","has-post-thumbnail","hentry","category-novedades","tag-e-learning","tag-idioma","tag-ingles","tag-profesionales-de-la-salud"],"yoast_head":"<!-- This site is optimized with the Yoast SEO plugin v27.5 - https:\/\/yoast.com\/product\/yoast-seo-wordpress\/ -->\n<title>Contenido exclusivo | Curso virtual Gen\u00e9tica y Gen\u00f3mica - Mednet<\/title>\n<meta name=\"description\" content=\"Curso de Gen\u00e9tica y Gen\u00f3mica: un recorrido por los or\u00edgenes, las enfermedades gen\u00e9ticas y las herramientas diagn\u00f3sticas.\" \/>\n<meta name=\"robots\" content=\"index, follow, max-snippet:-1, max-image-preview:large, max-video-preview:-1\" \/>\n<link rel=\"canonical\" href=\"https:\/\/www.mednet.com.ar\/en\/primera-clase-genetica-y-genomica\/\" \/>\n<meta property=\"og:locale\" content=\"en_US\" \/>\n<meta property=\"og:type\" content=\"article\" \/>\n<meta property=\"og:title\" content=\"Clase 1 | Curso virtual Gen\u00e9tica y Gen\u00f3mica\" \/>\n<meta property=\"og:description\" content=\"Gen\u00e9tica y Gen\u00f3mica: de la historia de la gen\u00e9tica al diagn\u00f3stico de enfermedades hereditarias.\" \/>\n<meta property=\"og:url\" content=\"https:\/\/www.mednet.com.ar\/en\/primera-clase-genetica-y-genomica\/\" \/>\n<meta property=\"og:site_name\" content=\"Mednet\" \/>\n<meta property=\"article:publisher\" content=\"https:\/\/www.facebook.com\/MedNetla\/\" \/>\n<meta property=\"article:published_time\" content=\"2025-10-16T15:13:39+00:00\" \/>\n<meta property=\"article:modified_time\" content=\"2025-10-20T18:23:36+00:00\" \/>\n<meta property=\"og:image\" content=\"https:\/\/www.mednet.com.ar\/wp-content\/uploads\/2025\/10\/thumb.jpg\" \/>\n\t<meta property=\"og:image:width\" content=\"1280\" \/>\n\t<meta property=\"og:image:height\" content=\"720\" \/>\n\t<meta property=\"og:image:type\" content=\"image\/jpeg\" \/>\n<meta name=\"author\" content=\"Mednet\" \/>\n<meta name=\"twitter:card\" content=\"summary_large_image\" \/>\n<meta name=\"twitter:label1\" content=\"Written by\" \/>\n\t<meta name=\"twitter:data1\" content=\"Mednet\" \/>\n\t<meta name=\"twitter:label2\" content=\"Est. reading time\" \/>\n\t<meta name=\"twitter:data2\" content=\"4 minutes\" \/>\n<script type=\"application\/ld+json\" class=\"yoast-schema-graph\">{\"@context\":\"https:\\\/\\\/schema.org\",\"@graph\":[{\"@type\":\"Article\",\"@id\":\"https:\\\/\\\/www.mednet.com.ar\\\/primera-clase-genetica-y-genomica\\\/#article\",\"isPartOf\":{\"@id\":\"https:\\\/\\\/www.mednet.com.ar\\\/primera-clase-genetica-y-genomica\\\/\"},\"author\":{\"name\":\"Mednet\",\"@id\":\"https:\\\/\\\/www.mednet.com.ar\\\/#\\\/schema\\\/person\\\/4f17eed0aa52c4acb1c2829d4f449195\"},\"headline\":\"Contenido exclusivo | Curso virtual Gen\u00e9tica y Gen\u00f3mica\",\"datePublished\":\"2025-10-16T15:13:39+00:00\",\"dateModified\":\"2025-10-20T18:23:36+00:00\",\"mainEntityOfPage\":{\"@id\":\"https:\\\/\\\/www.mednet.com.ar\\\/primera-clase-genetica-y-genomica\\\/\"},\"wordCount\":375,\"publisher\":{\"@id\":\"https:\\\/\\\/www.mednet.com.ar\\\/#organization\"},\"image\":{\"@id\":\"https:\\\/\\\/www.mednet.com.ar\\\/primera-clase-genetica-y-genomica\\\/#primaryimage\"},\"thumbnailUrl\":\"https:\\\/\\\/www.mednet.com.ar\\\/wp-content\\\/uploads\\\/2025\\\/10\\\/genygen_2.webp\",\"keywords\":[\"e-learning\",\"idioma\",\"ingles\",\"profesionales de la salud\"],\"articleSection\":[\"Novedades\"],\"inLanguage\":\"en-US\"},{\"@type\":\"WebPage\",\"@id\":\"https:\\\/\\\/www.mednet.com.ar\\\/primera-clase-genetica-y-genomica\\\/\",\"url\":\"https:\\\/\\\/www.mednet.com.ar\\\/primera-clase-genetica-y-genomica\\\/\",\"name\":\"Contenido exclusivo | Curso virtual Gen\u00e9tica y Gen\u00f3mica - Mednet\",\"isPartOf\":{\"@id\":\"https:\\\/\\\/www.mednet.com.ar\\\/#website\"},\"primaryImageOfPage\":{\"@id\":\"https:\\\/\\\/www.mednet.com.ar\\\/primera-clase-genetica-y-genomica\\\/#primaryimage\"},\"image\":{\"@id\":\"https:\\\/\\\/www.mednet.com.ar\\\/primera-clase-genetica-y-genomica\\\/#primaryimage\"},\"thumbnailUrl\":\"https:\\\/\\\/www.mednet.com.ar\\\/wp-content\\\/uploads\\\/2025\\\/10\\\/genygen_2.webp\",\"datePublished\":\"2025-10-16T15:13:39+00:00\",\"dateModified\":\"2025-10-20T18:23:36+00:00\",\"description\":\"Curso de Gen\u00e9tica y Gen\u00f3mica: un recorrido por los or\u00edgenes, las enfermedades gen\u00e9ticas y las herramientas diagn\u00f3sticas.\",\"breadcrumb\":{\"@id\":\"https:\\\/\\\/www.mednet.com.ar\\\/primera-clase-genetica-y-genomica\\\/#breadcrumb\"},\"inLanguage\":\"en-US\",\"potentialAction\":[{\"@type\":\"ReadAction\",\"target\":[\"https:\\\/\\\/www.mednet.com.ar\\\/primera-clase-genetica-y-genomica\\\/\"]}]},{\"@type\":\"ImageObject\",\"inLanguage\":\"en-US\",\"@id\":\"https:\\\/\\\/www.mednet.com.ar\\\/primera-clase-genetica-y-genomica\\\/#primaryimage\",\"url\":\"https:\\\/\\\/www.mednet.com.ar\\\/wp-content\\\/uploads\\\/2025\\\/10\\\/genygen_2.webp\",\"contentUrl\":\"https:\\\/\\\/www.mednet.com.ar\\\/wp-content\\\/uploads\\\/2025\\\/10\\\/genygen_2.webp\",\"width\":847,\"height\":848},{\"@type\":\"BreadcrumbList\",\"@id\":\"https:\\\/\\\/www.mednet.com.ar\\\/primera-clase-genetica-y-genomica\\\/#breadcrumb\",\"itemListElement\":[{\"@type\":\"ListItem\",\"position\":1,\"name\":\"Portada\",\"item\":\"https:\\\/\\\/www.mednet.com.ar\\\/\"},{\"@type\":\"ListItem\",\"position\":2,\"name\":\"Contenido exclusivo | Curso virtual Gen\u00e9tica y Gen\u00f3mica\"}]},{\"@type\":\"WebSite\",\"@id\":\"https:\\\/\\\/www.mednet.com.ar\\\/#website\",\"url\":\"https:\\\/\\\/www.mednet.com.ar\\\/\",\"name\":\"Mednet\",\"description\":\"Capacitaciones Online\",\"publisher\":{\"@id\":\"https:\\\/\\\/www.mednet.com.ar\\\/#organization\"},\"potentialAction\":[{\"@type\":\"SearchAction\",\"target\":{\"@type\":\"EntryPoint\",\"urlTemplate\":\"https:\\\/\\\/www.mednet.com.ar\\\/?s={search_term_string}\"},\"query-input\":{\"@type\":\"PropertyValueSpecification\",\"valueRequired\":true,\"valueName\":\"search_term_string\"}}],\"inLanguage\":\"en-US\"},{\"@type\":\"Organization\",\"@id\":\"https:\\\/\\\/www.mednet.com.ar\\\/#organization\",\"name\":\"Mednet\",\"url\":\"https:\\\/\\\/www.mednet.com.ar\\\/\",\"logo\":{\"@type\":\"ImageObject\",\"inLanguage\":\"en-US\",\"@id\":\"https:\\\/\\\/www.mednet.com.ar\\\/#\\\/schema\\\/logo\\\/image\\\/\",\"url\":\"https:\\\/\\\/www.mednet.com.ar\\\/wp-content\\\/uploads\\\/2025\\\/02\\\/cropped-logo-mednet-capacitaciones-online-rb.png\",\"contentUrl\":\"https:\\\/\\\/www.mednet.com.ar\\\/wp-content\\\/uploads\\\/2025\\\/02\\\/cropped-logo-mednet-capacitaciones-online-rb.png\",\"width\":376,\"height\":150,\"caption\":\"Mednet\"},\"image\":{\"@id\":\"https:\\\/\\\/www.mednet.com.ar\\\/#\\\/schema\\\/logo\\\/image\\\/\"},\"sameAs\":[\"https:\\\/\\\/www.facebook.com\\\/MedNetla\\\/\",\"https:\\\/\\\/www.instagram.com\\\/mednetla\\\/\",\"https:\\\/\\\/ar.linkedin.com\\\/company\\\/mednet-capacitaciones-online\"]},{\"@type\":\"Person\",\"@id\":\"https:\\\/\\\/www.mednet.com.ar\\\/#\\\/schema\\\/person\\\/4f17eed0aa52c4acb1c2829d4f449195\",\"name\":\"Mednet\",\"image\":{\"@type\":\"ImageObject\",\"inLanguage\":\"en-US\",\"@id\":\"https:\\\/\\\/secure.gravatar.com\\\/avatar\\\/d3052946cffb23cf6c63213ceb4d1e38ee436c5212129930b33405ed9ab49486?s=96&d=mm&r=g\",\"url\":\"https:\\\/\\\/secure.gravatar.com\\\/avatar\\\/d3052946cffb23cf6c63213ceb4d1e38ee436c5212129930b33405ed9ab49486?s=96&d=mm&r=g\",\"contentUrl\":\"https:\\\/\\\/secure.gravatar.com\\\/avatar\\\/d3052946cffb23cf6c63213ceb4d1e38ee436c5212129930b33405ed9ab49486?s=96&d=mm&r=g\",\"caption\":\"Mednet\"},\"sameAs\":[\"https:\\\/\\\/www.mednet.com.ar\"],\"url\":\"https:\\\/\\\/www.mednet.com.ar\\\/en\\\/author\\\/mednetwp\\\/\"}]}<\/script>\n<!-- \/ Yoast SEO plugin. -->","yoast_head_json":{"title":"Contenido exclusivo | Curso virtual Gen\u00e9tica y Gen\u00f3mica - Mednet","description":"Curso de Gen\u00e9tica y Gen\u00f3mica: un recorrido por los or\u00edgenes, las enfermedades gen\u00e9ticas y las herramientas diagn\u00f3sticas.","robots":{"index":"index","follow":"follow","max-snippet":"max-snippet:-1","max-image-preview":"max-image-preview:large","max-video-preview":"max-video-preview:-1"},"canonical":"https:\/\/www.mednet.com.ar\/en\/primera-clase-genetica-y-genomica\/","og_locale":"en_US","og_type":"article","og_title":"Clase 1 | Curso virtual Gen\u00e9tica y Gen\u00f3mica","og_description":"Gen\u00e9tica y Gen\u00f3mica: de la historia de la gen\u00e9tica al diagn\u00f3stico de enfermedades hereditarias.","og_url":"https:\/\/www.mednet.com.ar\/en\/primera-clase-genetica-y-genomica\/","og_site_name":"Mednet","article_publisher":"https:\/\/www.facebook.com\/MedNetla\/","article_published_time":"2025-10-16T15:13:39+00:00","article_modified_time":"2025-10-20T18:23:36+00:00","og_image":[{"width":1280,"height":720,"url":"https:\/\/www.mednet.com.ar\/wp-content\/uploads\/2025\/10\/thumb.jpg","type":"image\/jpeg"}],"author":"Mednet","twitter_card":"summary_large_image","twitter_misc":{"Written by":"Mednet","Est. reading time":"4 minutes"},"schema":{"@context":"https:\/\/schema.org","@graph":[{"@type":"Article","@id":"https:\/\/www.mednet.com.ar\/primera-clase-genetica-y-genomica\/#article","isPartOf":{"@id":"https:\/\/www.mednet.com.ar\/primera-clase-genetica-y-genomica\/"},"author":{"name":"Mednet","@id":"https:\/\/www.mednet.com.ar\/#\/schema\/person\/4f17eed0aa52c4acb1c2829d4f449195"},"headline":"Contenido exclusivo | Curso virtual Gen\u00e9tica y Gen\u00f3mica","datePublished":"2025-10-16T15:13:39+00:00","dateModified":"2025-10-20T18:23:36+00:00","mainEntityOfPage":{"@id":"https:\/\/www.mednet.com.ar\/primera-clase-genetica-y-genomica\/"},"wordCount":375,"publisher":{"@id":"https:\/\/www.mednet.com.ar\/#organization"},"image":{"@id":"https:\/\/www.mednet.com.ar\/primera-clase-genetica-y-genomica\/#primaryimage"},"thumbnailUrl":"https:\/\/www.mednet.com.ar\/wp-content\/uploads\/2025\/10\/genygen_2.webp","keywords":["e-learning","idioma","ingles","profesionales de la salud"],"articleSection":["Novedades"],"inLanguage":"en-US"},{"@type":"WebPage","@id":"https:\/\/www.mednet.com.ar\/primera-clase-genetica-y-genomica\/","url":"https:\/\/www.mednet.com.ar\/primera-clase-genetica-y-genomica\/","name":"Contenido exclusivo | Curso virtual Gen\u00e9tica y Gen\u00f3mica - Mednet","isPartOf":{"@id":"https:\/\/www.mednet.com.ar\/#website"},"primaryImageOfPage":{"@id":"https:\/\/www.mednet.com.ar\/primera-clase-genetica-y-genomica\/#primaryimage"},"image":{"@id":"https:\/\/www.mednet.com.ar\/primera-clase-genetica-y-genomica\/#primaryimage"},"thumbnailUrl":"https:\/\/www.mednet.com.ar\/wp-content\/uploads\/2025\/10\/genygen_2.webp","datePublished":"2025-10-16T15:13:39+00:00","dateModified":"2025-10-20T18:23:36+00:00","description":"Curso de Gen\u00e9tica y Gen\u00f3mica: un recorrido por los or\u00edgenes, las enfermedades gen\u00e9ticas y las herramientas diagn\u00f3sticas.","breadcrumb":{"@id":"https:\/\/www.mednet.com.ar\/primera-clase-genetica-y-genomica\/#breadcrumb"},"inLanguage":"en-US","potentialAction":[{"@type":"ReadAction","target":["https:\/\/www.mednet.com.ar\/primera-clase-genetica-y-genomica\/"]}]},{"@type":"ImageObject","inLanguage":"en-US","@id":"https:\/\/www.mednet.com.ar\/primera-clase-genetica-y-genomica\/#primaryimage","url":"https:\/\/www.mednet.com.ar\/wp-content\/uploads\/2025\/10\/genygen_2.webp","contentUrl":"https:\/\/www.mednet.com.ar\/wp-content\/uploads\/2025\/10\/genygen_2.webp","width":847,"height":848},{"@type":"BreadcrumbList","@id":"https:\/\/www.mednet.com.ar\/primera-clase-genetica-y-genomica\/#breadcrumb","itemListElement":[{"@type":"ListItem","position":1,"name":"Portada","item":"https:\/\/www.mednet.com.ar\/"},{"@type":"ListItem","position":2,"name":"Contenido exclusivo | Curso virtual Gen\u00e9tica y Gen\u00f3mica"}]},{"@type":"WebSite","@id":"https:\/\/www.mednet.com.ar\/#website","url":"https:\/\/www.mednet.com.ar\/","name":"Mednet","description":"Capacitaciones Online","publisher":{"@id":"https:\/\/www.mednet.com.ar\/#organization"},"potentialAction":[{"@type":"SearchAction","target":{"@type":"EntryPoint","urlTemplate":"https:\/\/www.mednet.com.ar\/?s={search_term_string}"},"query-input":{"@type":"PropertyValueSpecification","valueRequired":true,"valueName":"search_term_string"}}],"inLanguage":"en-US"},{"@type":"Organization","@id":"https:\/\/www.mednet.com.ar\/#organization","name":"Mednet","url":"https:\/\/www.mednet.com.ar\/","logo":{"@type":"ImageObject","inLanguage":"en-US","@id":"https:\/\/www.mednet.com.ar\/#\/schema\/logo\/image\/","url":"https:\/\/www.mednet.com.ar\/wp-content\/uploads\/2025\/02\/cropped-logo-mednet-capacitaciones-online-rb.png","contentUrl":"https:\/\/www.mednet.com.ar\/wp-content\/uploads\/2025\/02\/cropped-logo-mednet-capacitaciones-online-rb.png","width":376,"height":150,"caption":"Mednet"},"image":{"@id":"https:\/\/www.mednet.com.ar\/#\/schema\/logo\/image\/"},"sameAs":["https:\/\/www.facebook.com\/MedNetla\/","https:\/\/www.instagram.com\/mednetla\/","https:\/\/ar.linkedin.com\/company\/mednet-capacitaciones-online"]},{"@type":"Person","@id":"https:\/\/www.mednet.com.ar\/#\/schema\/person\/4f17eed0aa52c4acb1c2829d4f449195","name":"Mednet","image":{"@type":"ImageObject","inLanguage":"en-US","@id":"https:\/\/secure.gravatar.com\/avatar\/d3052946cffb23cf6c63213ceb4d1e38ee436c5212129930b33405ed9ab49486?s=96&d=mm&r=g","url":"https:\/\/secure.gravatar.com\/avatar\/d3052946cffb23cf6c63213ceb4d1e38ee436c5212129930b33405ed9ab49486?s=96&d=mm&r=g","contentUrl":"https:\/\/secure.gravatar.com\/avatar\/d3052946cffb23cf6c63213ceb4d1e38ee436c5212129930b33405ed9ab49486?s=96&d=mm&r=g","caption":"Mednet"},"sameAs":["https:\/\/www.mednet.com.ar"],"url":"https:\/\/www.mednet.com.ar\/en\/author\/mednetwp\/"}]}},"_links":{"self":[{"href":"https:\/\/www.mednet.com.ar\/en\/wp-json\/wp\/v2\/posts\/32435","targetHints":{"allow":["GET"]}}],"collection":[{"href":"https:\/\/www.mednet.com.ar\/en\/wp-json\/wp\/v2\/posts"}],"about":[{"href":"https:\/\/www.mednet.com.ar\/en\/wp-json\/wp\/v2\/types\/post"}],"author":[{"embeddable":true,"href":"https:\/\/www.mednet.com.ar\/en\/wp-json\/wp\/v2\/users\/1"}],"replies":[{"embeddable":true,"href":"https:\/\/www.mednet.com.ar\/en\/wp-json\/wp\/v2\/comments?post=32435"}],"version-history":[{"count":18,"href":"https:\/\/www.mednet.com.ar\/en\/wp-json\/wp\/v2\/posts\/32435\/revisions"}],"predecessor-version":[{"id":32466,"href":"https:\/\/www.mednet.com.ar\/en\/wp-json\/wp\/v2\/posts\/32435\/revisions\/32466"}],"wp:featuredmedia":[{"embeddable":true,"href":"https:\/\/www.mednet.com.ar\/en\/wp-json\/wp\/v2\/media\/32465"}],"wp:attachment":[{"href":"https:\/\/www.mednet.com.ar\/en\/wp-json\/wp\/v2\/media?parent=32435"}],"wp:term":[{"taxonomy":"category","embeddable":true,"href":"https:\/\/www.mednet.com.ar\/en\/wp-json\/wp\/v2\/categories?post=32435"},{"taxonomy":"post_tag","embeddable":true,"href":"https:\/\/www.mednet.com.ar\/en\/wp-json\/wp\/v2\/tags?post=32435"}],"curies":[{"name":"wp","href":"https:\/\/api.w.org\/{rel}","templated":true}]}}